{"id":37309,"date":"2023-11-26T11:43:25","date_gmt":"2023-11-26T14:43:25","guid":{"rendered":"http:\/\/jornaldeitaipava.com.br\/?p=37309"},"modified":"2023-11-26T11:43:27","modified_gmt":"2023-11-26T14:43:27","slug":"petropolis-tera-ciclo-de-palestras-sobre-prevencao-a-gravidez-precoce","status":"publish","type":"post","link":"http:\/\/jornaldeitaipava.com.br\/index.php\/2023\/11\/26\/petropolis-tera-ciclo-de-palestras-sobre-prevencao-a-gravidez-precoce\/","title":{"rendered":"Petr\u00f3polis ter\u00e1 ciclo de palestras sobre preven\u00e7\u00e3o \u00e0 gravidez precoce"},"content":{"rendered":"\n<p>A C\u00e2mara Municipal promulgou, no dia 23 de novembro, a Lei 8.647\/2023, de autoria da vereadora J\u00falia Casamasso (Coletiva Feminista Popular), que institui em Petr\u00f3polis ciclos de palestras sobre preven\u00e7\u00e3o \u00e0 gravidez precoce, voltados para os alunos do 2\u00ba ciclo do Ensino Fundamental da rede municipal p\u00fablica de ensino.<br>A ideia \u00e9 contribuir para a redu\u00e7\u00e3o do \u00edndice de gravidez na adolesc\u00eancia e as situa\u00e7\u00f5es de exclus\u00e3o social, al\u00e9m de envolver a sociedade, por meio da informa\u00e7\u00e3o e da sensibiliza\u00e7\u00e3o. As palestras ir\u00e3o ocorrer ao menos uma vez durante o ano letivo, como est\u00e1 previsto tamb\u00e9m na Lei Federal n\u00ba 13.798\/2019 que instituiu a Semana Nacional de Preven\u00e7\u00e3o da Gravidez na Adolesc\u00eancia.<br>O texto da lei determina ainda que os eventos ficar\u00e3o sob a responsabilidade da Secretaria Municipal de Educa\u00e7\u00e3o, que poder\u00e1 realizar parceria intersetorial com a Sa\u00fade.<br>Segundo a vereadora, diversos fatores contribuem para a complexidade que \u00e9 a gesta\u00e7\u00e3o na adolesc\u00eancia. Entre eles est\u00e3o os riscos de prematuridade, anemia, aborto espont\u00e2neo, eclampsia (eleva\u00e7\u00e3o da press\u00e3o arterial da gestante) e depress\u00e3o p\u00f3s-parto.<br>&#8220;Este ser\u00e1 um instrumento importante para viabilizar a informa\u00e7\u00e3o sobre direitos sexuais e reprodutivos das mulheres, uma vez que tem sido a desinforma\u00e7\u00e3o um dos principais motivos dos altos \u00edndices&#8221;, afirmou J\u00falia.<\/p>\n","protected":false},"excerpt":{"rendered":"<p>A C\u00e2mara Municipal promulgou, no dia 23 de novembro, a Lei 8.647\/2023, de autoria da<\/p>\n","protected":false},"author":1,"featured_media":37310,"comment_status":"closed","ping_status":"open","sticky":false,"template":"","format":"standard","meta":{"spay_email":"","footnotes":"","jetpack_publicize_message":""},"categories":[2],"tags":[],"jetpack_featured_media_url":"https:\/\/i1.wp.com\/jornaldeitaipava.com.br\/wp-content\/uploads\/2023\/11\/julia.jpeg?fit=1600%2C1066","jetpack_publicize_connections":[],"jetpack_sharing_enabled":true,"jetpack_likes_enabled":true,"jetpack-related-posts":[],"_links":{"self":[{"href":"http:\/\/jornaldeitaipava.com.br\/index.php\/wp-json\/wp\/v2\/posts\/37309"}],"collection":[{"href":"http:\/\/jornaldeitaipava.com.br\/index.php\/wp-json\/wp\/v2\/posts"}],"about":[{"href":"http:\/\/jornaldeitaipava.com.br\/index.php\/wp-json\/wp\/v2\/types\/post"}],"author":[{"embeddable":true,"href":"http:\/\/jornaldeitaipava.com.br\/index.php\/wp-json\/wp\/v2\/users\/1"}],"replies":[{"embeddable":true,"href":"http:\/\/jornaldeitaipava.com.br\/index.php\/wp-json\/wp\/v2\/comments?post=37309"}],"version-history":[{"count":1,"href":"http:\/\/jornaldeitaipava.com.br\/index.php\/wp-json\/wp\/v2\/posts\/37309\/revisions"}],"predecessor-version":[{"id":37311,"href":"http:\/\/jornaldeitaipava.com.br\/index.php\/wp-json\/wp\/v2\/posts\/37309\/revisions\/37311"}],"wp:featuredmedia":[{"embeddable":true,"href":"http:\/\/jornaldeitaipava.com.br\/index.php\/wp-json\/wp\/v2\/media\/37310"}],"wp:attachment":[{"href":"http:\/\/jornaldeitaipava.com.br\/index.php\/wp-json\/wp\/v2\/media?parent=37309"}],"wp:term":[{"taxonomy":"category","embeddable":true,"href":"http:\/\/jornaldeitaipava.com.br\/index.php\/wp-json\/wp\/v2\/categories?post=37309"},{"taxonomy":"post_tag","embeddable":true,"href":"http:\/\/jornaldeitaipava.com.br\/index.php\/wp-json\/wp\/v2\/tags?post=37309"}],"curies":[{"name":"wp","href":"https:\/\/api.w.org\/{rel}","templated":true}]}}