{"id":37318,"date":"2023-11-26T12:06:50","date_gmt":"2023-11-26T15:06:50","guid":{"rendered":"http:\/\/jornaldeitaipava.com.br\/?p=37318"},"modified":"2023-11-26T12:06:52","modified_gmt":"2023-11-26T15:06:52","slug":"prefeitura-cmdca-e-crc-preparam-acoes-para-trazer-recursos-para-instituicoes-da-cidade","status":"publish","type":"post","link":"http:\/\/jornaldeitaipava.com.br\/index.php\/2023\/11\/26\/prefeitura-cmdca-e-crc-preparam-acoes-para-trazer-recursos-para-instituicoes-da-cidade\/","title":{"rendered":"Prefeitura, CMDCA e CRC preparam a\u00e7\u00f5es para trazer recursos para institui\u00e7\u00f5es da cidade"},"content":{"rendered":"\n<p>A Prefeitura, o CMDCA (Conselho Municipal dos Direitos da Crian\u00e7a e do Adolescente) e o CRCRJ (Conselho Regional de Contabilidade do Estado do Rio) preparam uma s\u00e9rie de a\u00e7\u00f5es para trazer recursos para as institui\u00e7\u00f5es da sociedade civil de Petr\u00f3polis.<br>O objetivo das a\u00e7\u00f5es \u00e9 sensibilizar contabilistas que atuam na cidade para que seus clientes (pessoas f\u00edsicas ou jur\u00eddicas) destinem parte do imposto de renda para as institui\u00e7\u00f5es que assistem crian\u00e7as e adolescentes na cidade.<br>Entre as a\u00e7\u00f5es, est\u00e3o: um decreto do munic\u00edpio, criando o Pr\u00eamio Contador Amigo da Crian\u00e7a e o Selo Empresa Amiga da Crian\u00e7a; a realiza\u00e7\u00e3o do Cont In Rio (evento anual do CRCRJ) em Petr\u00f3polis em 2024; campanhas de sensibiliza\u00e7\u00e3o; a atualiza\u00e7\u00e3o do cadastro do CRCRJ dos contabilistas que atuam em Petr\u00f3polis; e um abaixo-assinado para que o Congresso mude a regulamenta\u00e7\u00e3o sobre o tema.<br>\u201cPetr\u00f3polis precisa dessas institui\u00e7\u00f5es da sociedade civil que cuidam das crian\u00e7as e dos adolescentes. Eu conhe\u00e7o cada uma delas. S\u00e3o institui\u00e7\u00f5es s\u00e9rias, corretas. Como temos esse instrumento de destinar parte do imposto de renda para as institui\u00e7\u00f5es, precisamos sensibilizar os contabilistas sobre a import\u00e2ncia disso para a cidade\u201d, disse a secret\u00e1ria-chefe de Gabinete e presidente do CMDCA, Luciane Bomtempo,<br>Na ter\u00e7a-feira (21), a secret\u00e1ria Luciane Bomtempo e um grupo de representantes de 10 institui\u00e7\u00f5es foram ao Rio, na sede do CRCRJ, para uma reuni\u00e3o com o presidente da entidade, Samir Nehme.<br>\u201cO CRCRJ oferece aos munic\u00edpios o termo de coopera\u00e7\u00e3o t\u00e9cnica, como \u00e9 o caso de Petr\u00f3polis, oferecendo conhecimento t\u00e9cnico cont\u00e1bil para toda a administra\u00e7\u00e3o. E fazemos isso, sem contrapartida nenhuma. O que o CRCRJ quer \u00e9 o reconhecimento e a valoriza\u00e7\u00e3o para os contabilistas. Queremos ajudar na capta\u00e7\u00e3o de recursos para os fundos da crian\u00e7a e do idoso. Petr\u00f3polis j\u00e1 tem o fundo (do CMDCA), o que j\u00e1 \u00e9 um passo importante. Temos que deixar claro para as pessoas que n\u00e3o \u00e9 uma doa\u00e7\u00e3o, e sim uma destina\u00e7\u00e3o de parte do imposto. Porque n\u00e3o vai ter um custo a mais para o contribuinte. O imposto j\u00e1 vai ser pago. O que muda \u00e9 que, ao inv\u00e9s de ir para o governo, parte vai para as institui\u00e7\u00f5es\u201d, disse Samir Nehme.<\/p>\n\n\n\n<p><strong>Os representantes das 10 institui\u00e7\u00f5es presentes ficaram satisfeitos com o resultado da reuni\u00e3o.<br><\/strong>\u201cA reuni\u00e3o foi crucial para sensibilizar os contabilistas. A destina\u00e7\u00e3o de recursos da declara\u00e7\u00e3o do imposto de renda ser\u00e1 de grande import\u00e2ncia para as institui\u00e7\u00f5es sociais, proporcionando financiamento essencial para programas e a\u00e7\u00f5es que beneficiam comunidades necessitadas, promovendo impacto social positivo e sustentabilidade para comunidade\u201d, disse Jos\u00e9 Claudio de Souza Junior, representante do Projeto C3 e vice-presidente do CMDCA.<\/p>\n\n\n\n<p><strong>Entenda como funciona<br><\/strong>O Estatuto da Crian\u00e7a e do Adolescente (Lei 8.069\/1990) e o Estatuto da Pessoa Idosa (Lei 10.741\/2003) permitem que parte do imposto de renda seja destinado ao Fundo Municipal da Crian\u00e7a e do Adolescente ou ao Fundo Municipal dos Direitos da Pessoa Idosa. Esses fundos s\u00e3o respons\u00e1veis por repassar os recursos \u00e0s institui\u00e7\u00f5es que atuam na \u00e1rea na cidade.<br>No caso de pessoas f\u00edsicas (declara\u00e7\u00e3o completa), podem ser destinados at\u00e9 3% do imposto de renda para os fundos. J\u00e1 as pessoas jur\u00eddicas (que declaram o Imposto de Renda pelo regime do Lucro Real) podem destinar at\u00e9 1% do valor a ser pago.<\/p>\n","protected":false},"excerpt":{"rendered":"<p>A Prefeitura, o CMDCA (Conselho Municipal dos Direitos da Crian\u00e7a e do Adolescente) e o<\/p>\n","protected":false},"author":1,"featured_media":37319,"comment_status":"closed","ping_status":"open","sticky":false,"template":"","format":"standard","meta":{"spay_email":"","footnotes":"","jetpack_publicize_message":""},"categories":[2],"tags":[],"jetpack_featured_media_url":"https:\/\/i0.wp.com\/jornaldeitaipava.com.br\/wp-content\/uploads\/2023\/11\/WhatsApp-Image-2023-11-24-at-16.44.26.jpeg?fit=1600%2C1003","jetpack_publicize_connections":[],"jetpack_sharing_enabled":true,"jetpack_likes_enabled":true,"jetpack-related-posts":[],"_links":{"self":[{"href":"http:\/\/jornaldeitaipava.com.br\/index.php\/wp-json\/wp\/v2\/posts\/37318"}],"collection":[{"href":"http:\/\/jornaldeitaipava.com.br\/index.php\/wp-json\/wp\/v2\/posts"}],"about":[{"href":"http:\/\/jornaldeitaipava.com.br\/index.php\/wp-json\/wp\/v2\/types\/post"}],"author":[{"embeddable":true,"href":"http:\/\/jornaldeitaipava.com.br\/index.php\/wp-json\/wp\/v2\/users\/1"}],"replies":[{"embeddable":true,"href":"http:\/\/jornaldeitaipava.com.br\/index.php\/wp-json\/wp\/v2\/comments?post=37318"}],"version-history":[{"count":1,"href":"http:\/\/jornaldeitaipava.com.br\/index.php\/wp-json\/wp\/v2\/posts\/37318\/revisions"}],"predecessor-version":[{"id":37320,"href":"http:\/\/jornaldeitaipava.com.br\/index.php\/wp-json\/wp\/v2\/posts\/37318\/revisions\/37320"}],"wp:featuredmedia":[{"embeddable":true,"href":"http:\/\/jornaldeitaipava.com.br\/index.php\/wp-json\/wp\/v2\/media\/37319"}],"wp:attachment":[{"href":"http:\/\/jornaldeitaipava.com.br\/index.php\/wp-json\/wp\/v2\/media?parent=37318"}],"wp:term":[{"taxonomy":"category","embeddable":true,"href":"http:\/\/jornaldeitaipava.com.br\/index.php\/wp-json\/wp\/v2\/categories?post=37318"},{"taxonomy":"post_tag","embeddable":true,"href":"http:\/\/jornaldeitaipava.com.br\/index.php\/wp-json\/wp\/v2\/tags?post=37318"}],"curies":[{"name":"wp","href":"https:\/\/api.w.org\/{rel}","templated":true}]}}