{"id":37321,"date":"2023-11-26T12:16:54","date_gmt":"2023-11-26T15:16:54","guid":{"rendered":"http:\/\/jornaldeitaipava.com.br\/?p=37321"},"modified":"2023-11-26T12:16:56","modified_gmt":"2023-11-26T15:16:56","slug":"abertura-do-natal-imperial-tera-show-de-zizi-possi-na-praca-da-liberdade","status":"publish","type":"post","link":"http:\/\/jornaldeitaipava.com.br\/index.php\/2023\/11\/26\/abertura-do-natal-imperial-tera-show-de-zizi-possi-na-praca-da-liberdade\/","title":{"rendered":"Abertura do Natal Imperial ter\u00e1 show de Zizi Possi na Pra\u00e7a da Liberdade"},"content":{"rendered":"\n<p>A cidade j\u00e1 est\u00e1 no clima do Natal Imperial 2023. O evento, realizado pela Prefeitura de Petr\u00f3polis e entidades parceiras, come\u00e7a dia 30 de novembro e segue at\u00e9 sete de janeiro de 2024. O Pal\u00e1cio de Cristal e a Pra\u00e7a das Liberdade s\u00e3o os palcos principais da festa e que contar\u00e3o com apresenta\u00e7\u00f5es culturais.<br>&#8220;O Natal Imperial \u00e9 uma das nossas maiores festas, que atrai muitos visitantes e movimenta a nossa economia. A cidade j\u00e1 est\u00e1 se enfeitando para essa grande festa&#8221;, disse o prefeito Rubens Bomtempo. \u201cTeremos um show lindo com a Zizi Possi na abertura e est\u00e3o todos e todas convidados a participarem com a gente\u201d, convidou o prefeito.<br>Ser\u00e3o quase 40 dias de festa e toda a programa\u00e7\u00e3o do Natal Imperial \u00e9 gratuita. Uma fanfarra saindo da Pra\u00e7a Dom Pedro em dire\u00e7\u00e3o \u00e0 Pra\u00e7a da Liberdade abre a programa\u00e7\u00e3o no dia 30 de novembro, \u00e0s 18h. A partir das 19h, na Pra\u00e7a da Liberdade, acontece o acendimento das luzes e logo ap\u00f3s o show com a cantora Zizi Possi.<br>&#8220;Estamos preparando uma linda programa\u00e7\u00e3o com a chegada do Papai Noel, a Caravana da Coca Cola, aul\u00e3o de esporte, bailes, oficinas e corais. A programa\u00e7\u00e3o tamb\u00e9m vai prestigiar nossos artistas petropolitanos\u201d, comentou a secret\u00e1ria de Cultura, Diana Iliescu. A programa\u00e7\u00e3o completa ser\u00e1 disponibilizada no site da Prefeitura.<br>Al\u00e9m das atra\u00e7\u00f5es culturais, a Prefeitura j\u00e1 iniciou a instala\u00e7\u00e3o das barracas no Pal\u00e1cio de Cristal e na Pra\u00e7a da Liberdade, e a coloca\u00e7\u00e3o da ilumina\u00e7\u00e3o e decora\u00e7\u00e3o natalina, que este ano est\u00e1 maior contemplando todo o Centro da Cidade. \u201cO Natal Imperial \u00e9 um dos eventos mais procurados pelos turistas e visitantes. Estamos preparando a cidade para um belo evento, que vai encantar a todos\u201d, ressaltou a secret\u00e1ria de Turismo, Silvia Guedon.<\/p>\n","protected":false},"excerpt":{"rendered":"<p>A cidade j\u00e1 est\u00e1 no clima do Natal Imperial 2023. O evento, realizado pela Prefeitura<\/p>\n","protected":false},"author":1,"featured_media":27997,"comment_status":"closed","ping_status":"open","sticky":false,"template":"","format":"standard","meta":{"spay_email":"","footnotes":"","jetpack_publicize_message":""},"categories":[42],"tags":[],"jetpack_featured_media_url":"https:\/\/i0.wp.com\/jornaldeitaipava.com.br\/wp-content\/uploads\/2022\/05\/PRACA-DA-LIBERDADE.jpg?fit=600%2C338","jetpack_publicize_connections":[],"jetpack_sharing_enabled":true,"jetpack_likes_enabled":true,"jetpack-related-posts":[],"_links":{"self":[{"href":"http:\/\/jornaldeitaipava.com.br\/index.php\/wp-json\/wp\/v2\/posts\/37321"}],"collection":[{"href":"http:\/\/jornaldeitaipava.com.br\/index.php\/wp-json\/wp\/v2\/posts"}],"about":[{"href":"http:\/\/jornaldeitaipava.com.br\/index.php\/wp-json\/wp\/v2\/types\/post"}],"author":[{"embeddable":true,"href":"http:\/\/jornaldeitaipava.com.br\/index.php\/wp-json\/wp\/v2\/users\/1"}],"replies":[{"embeddable":true,"href":"http:\/\/jornaldeitaipava.com.br\/index.php\/wp-json\/wp\/v2\/comments?post=37321"}],"version-history":[{"count":1,"href":"http:\/\/jornaldeitaipava.com.br\/index.php\/wp-json\/wp\/v2\/posts\/37321\/revisions"}],"predecessor-version":[{"id":37323,"href":"http:\/\/jornaldeitaipava.com.br\/index.php\/wp-json\/wp\/v2\/posts\/37321\/revisions\/37323"}],"wp:featuredmedia":[{"embeddable":true,"href":"http:\/\/jornaldeitaipava.com.br\/index.php\/wp-json\/wp\/v2\/media\/27997"}],"wp:attachment":[{"href":"http:\/\/jornaldeitaipava.com.br\/index.php\/wp-json\/wp\/v2\/media?parent=37321"}],"wp:term":[{"taxonomy":"category","embeddable":true,"href":"http:\/\/jornaldeitaipava.com.br\/index.php\/wp-json\/wp\/v2\/categories?post=37321"},{"taxonomy":"post_tag","embeddable":true,"href":"http:\/\/jornaldeitaipava.com.br\/index.php\/wp-json\/wp\/v2\/tags?post=37321"}],"curies":[{"name":"wp","href":"https:\/\/api.w.org\/{rel}","templated":true}]}}