{"id":37324,"date":"2023-11-27T18:40:06","date_gmt":"2023-11-27T21:40:06","guid":{"rendered":"http:\/\/jornaldeitaipava.com.br\/?p=37324"},"modified":"2023-11-27T18:40:11","modified_gmt":"2023-11-27T21:40:11","slug":"presidente-da-camara-participa-em-niteroi-da-uniao-de-prefeitos-e-vereadores-contra-a-enel","status":"publish","type":"post","link":"http:\/\/jornaldeitaipava.com.br\/index.php\/2023\/11\/27\/presidente-da-camara-participa-em-niteroi-da-uniao-de-prefeitos-e-vereadores-contra-a-enel\/","title":{"rendered":"PRESIDENTE DA C\u00c2MARA PARTICIPA EM NITER\u00d3I DA UNI\u00c3O DE PREFEITOS E VEREADORES CONTRA A ENEL"},"content":{"rendered":"\n<p>O presidente da C\u00e2mara Municipal de Petr\u00f3polis, vereador J\u00fanior Coruja, participou nesta segunda-feira (27) de uma reuni\u00e3o com prefeitos e representantes de mais de 50 munic\u00edpios para debater a\u00e7\u00f5es e cobrar melhorias no servi\u00e7o de distribui\u00e7\u00e3o de energia el\u00e9trica prestados pela empresa Enel. A reuni\u00e3o tamb\u00e9m contou com a presen\u00e7a do vereador Fred Proc\u00f3pio e do prefeito Rubens Bomtempo.<\/p>\n\n\n\n<p>O Teatro Municipal de Niter\u00f3i foi sede do encontro em que foi assinada por todos os prefeitos e representantes municipais presentes uma nota de rep\u00fadio \u00e0 empresa Enel, enviada \u00e0 Aneel &#8211; Ag\u00eancia reguladora de energia el\u00e9trica do Governo Federal.<\/p>\n\n\n\n<p>O deputado federal Max Lemos, que tamb\u00e9m esteve na reuni\u00e3o, protocolou pedido de CPI no Congresso Nacional para apurar o servi\u00e7o apresentado pela Enel e a postura da empresa diante dos recentes acontecimentos de falta de energia.<\/p>\n\n\n\n<p>\u201cSeguimos trabalhando incansavelmente e em todas as frentes para cobrar da Enel solu\u00e7\u00f5es para melhoria no servi\u00e7o de distribui\u00e7\u00e3o de energia. A empresa precisa reparar os danos caudados a popula\u00e7\u00e3o e vamos at\u00e9 o final para que o povo n\u00e3o seja mais prejudicado por essa empresa\u201d, disse o vereador J\u00fanior Coruja.<\/p>\n\n\n\n<p>O encontro em Niter\u00f3i \u00e9 um passo visando a corre\u00e7\u00e3o dos problemas, mas outros ainda dever\u00e3o ser dados, como no pr\u00f3ximo dia 4, quando ser\u00e1 realizada uma audi\u00eancia p\u00fablica na C\u00e2mara para debater a m\u00e1 qualidade na distribui\u00e7\u00e3o de energia em Petr\u00f3polis&#8230;.<\/p>\n","protected":false},"excerpt":{"rendered":"<p>O presidente da C\u00e2mara Municipal de Petr\u00f3polis, vereador J\u00fanior Coruja, participou nesta segunda-feira (27) de<\/p>\n","protected":false},"author":1,"featured_media":37325,"comment_status":"closed","ping_status":"open","sticky":false,"template":"","format":"standard","meta":{"spay_email":"","footnotes":"","jetpack_publicize_message":""},"categories":[2],"tags":[],"jetpack_featured_media_url":"https:\/\/i2.wp.com\/jornaldeitaipava.com.br\/wp-content\/uploads\/2023\/11\/coruja_nit.jpeg?fit=1280%2C854","jetpack_publicize_connections":[],"jetpack_sharing_enabled":true,"jetpack_likes_enabled":true,"jetpack-related-posts":[],"_links":{"self":[{"href":"http:\/\/jornaldeitaipava.com.br\/index.php\/wp-json\/wp\/v2\/posts\/37324"}],"collection":[{"href":"http:\/\/jornaldeitaipava.com.br\/index.php\/wp-json\/wp\/v2\/posts"}],"about":[{"href":"http:\/\/jornaldeitaipava.com.br\/index.php\/wp-json\/wp\/v2\/types\/post"}],"author":[{"embeddable":true,"href":"http:\/\/jornaldeitaipava.com.br\/index.php\/wp-json\/wp\/v2\/users\/1"}],"replies":[{"embeddable":true,"href":"http:\/\/jornaldeitaipava.com.br\/index.php\/wp-json\/wp\/v2\/comments?post=37324"}],"version-history":[{"count":1,"href":"http:\/\/jornaldeitaipava.com.br\/index.php\/wp-json\/wp\/v2\/posts\/37324\/revisions"}],"predecessor-version":[{"id":37326,"href":"http:\/\/jornaldeitaipava.com.br\/index.php\/wp-json\/wp\/v2\/posts\/37324\/revisions\/37326"}],"wp:featuredmedia":[{"embeddable":true,"href":"http:\/\/jornaldeitaipava.com.br\/index.php\/wp-json\/wp\/v2\/media\/37325"}],"wp:attachment":[{"href":"http:\/\/jornaldeitaipava.com.br\/index.php\/wp-json\/wp\/v2\/media?parent=37324"}],"wp:term":[{"taxonomy":"category","embeddable":true,"href":"http:\/\/jornaldeitaipava.com.br\/index.php\/wp-json\/wp\/v2\/categories?post=37324"},{"taxonomy":"post_tag","embeddable":true,"href":"http:\/\/jornaldeitaipava.com.br\/index.php\/wp-json\/wp\/v2\/tags?post=37324"}],"curies":[{"name":"wp","href":"https:\/\/api.w.org\/{rel}","templated":true}]}}