{"id":37392,"date":"2023-11-30T16:53:58","date_gmt":"2023-11-30T19:53:58","guid":{"rendered":"http:\/\/jornaldeitaipava.com.br\/?p=37392"},"modified":"2023-11-30T16:54:00","modified_gmt":"2023-11-30T19:54:00","slug":"mesa-brasil-sesc-rj-entrega-alimentos-arrecadados-no-rock-the-mountain","status":"publish","type":"post","link":"http:\/\/jornaldeitaipava.com.br\/index.php\/2023\/11\/30\/mesa-brasil-sesc-rj-entrega-alimentos-arrecadados-no-rock-the-mountain\/","title":{"rendered":"Mesa Brasil Sesc RJ entrega alimentos arrecadados no Rock The Mountain"},"content":{"rendered":"\n<p>15 toneladas de alimentos secos para entidades assistenciais<br>Em mais uma a\u00e7\u00e3o solid\u00e1ria, o Mesa Brasil Sesc RJ &#8211; programa de combate \u00e0 fome e ao desperd\u00edcio do Sesc RJ &#8211; entregou nesta quinta-feira (30), no Hortomercado, em Itaipava, 15 toneladas de alimentos arrecadados durante a \u00faltima edi\u00e7\u00e3o do Rock The Mountain. A parceria entre a organiza\u00e7\u00e3o do evento e o Sesc RJ foi intermediada pelo Sicom\u00e9rcio Petr\u00f3polis.<br>\u201cMais uma vez o Mesa Brasil Sesc consegue fortalecer a campanha de doa\u00e7\u00e3o de alimentos para essas entidades que realizam um trabalho importante de aux\u00edlio \u00e0queles que se encontram em situa\u00e7\u00e3o de vulnerabilidade. Desta vez contamos com esse apoio mais do que especial, do Rock The Mountain e agradecemos imensamente o apoio e da organiza\u00e7\u00e3o do evento e de todo o p\u00fablico que abra\u00e7ou a ideia e contribuiu com a doa\u00e7\u00e3o de alimentos\u201d, afirma o presidente do Sicom\u00e9rcio Petr\u00f3polis, Marcelo Fiorini.<br>Criado em 2000, o Mesa Brasil Sesc RJ atua como uma ponte entre quem pode doar e quem precisa receber. Atualmente, o programa recebe alimentos n\u00e3o perec\u00edveis e in natura de cerca de 200 parceiros e os reverte para mais de 1.300 institui\u00e7\u00f5es, que, por sua vez, atendem pessoas em situa\u00e7\u00e3o de vulnerabilidade. Al\u00e9m disso, o Mesa Brasil orienta os cozinheiros dessas entidades a aproveitar integralmente os alimentos, utilizando de forma criativa e saborosa partes que tradicionalmente s\u00e3o descartadas.<\/p>\n","protected":false},"excerpt":{"rendered":"<p>15 toneladas de alimentos secos para entidades assistenciaisEm mais uma a\u00e7\u00e3o solid\u00e1ria, o Mesa Brasil<\/p>\n","protected":false},"author":1,"featured_media":37393,"comment_status":"closed","ping_status":"open","sticky":false,"template":"","format":"standard","meta":{"spay_email":"","footnotes":"","jetpack_publicize_message":""},"categories":[2],"tags":[],"jetpack_featured_media_url":"https:\/\/i1.wp.com\/jornaldeitaipava.com.br\/wp-content\/uploads\/2023\/11\/WhatsApp-Image-2023-11-30-at-11.19.13.jpeg?fit=1024%2C604","jetpack_publicize_connections":[],"jetpack_sharing_enabled":true,"jetpack_likes_enabled":true,"jetpack-related-posts":[],"_links":{"self":[{"href":"http:\/\/jornaldeitaipava.com.br\/index.php\/wp-json\/wp\/v2\/posts\/37392"}],"collection":[{"href":"http:\/\/jornaldeitaipava.com.br\/index.php\/wp-json\/wp\/v2\/posts"}],"about":[{"href":"http:\/\/jornaldeitaipava.com.br\/index.php\/wp-json\/wp\/v2\/types\/post"}],"author":[{"embeddable":true,"href":"http:\/\/jornaldeitaipava.com.br\/index.php\/wp-json\/wp\/v2\/users\/1"}],"replies":[{"embeddable":true,"href":"http:\/\/jornaldeitaipava.com.br\/index.php\/wp-json\/wp\/v2\/comments?post=37392"}],"version-history":[{"count":1,"href":"http:\/\/jornaldeitaipava.com.br\/index.php\/wp-json\/wp\/v2\/posts\/37392\/revisions"}],"predecessor-version":[{"id":37394,"href":"http:\/\/jornaldeitaipava.com.br\/index.php\/wp-json\/wp\/v2\/posts\/37392\/revisions\/37394"}],"wp:featuredmedia":[{"embeddable":true,"href":"http:\/\/jornaldeitaipava.com.br\/index.php\/wp-json\/wp\/v2\/media\/37393"}],"wp:attachment":[{"href":"http:\/\/jornaldeitaipava.com.br\/index.php\/wp-json\/wp\/v2\/media?parent=37392"}],"wp:term":[{"taxonomy":"category","embeddable":true,"href":"http:\/\/jornaldeitaipava.com.br\/index.php\/wp-json\/wp\/v2\/categories?post=37392"},{"taxonomy":"post_tag","embeddable":true,"href":"http:\/\/jornaldeitaipava.com.br\/index.php\/wp-json\/wp\/v2\/tags?post=37392"}],"curies":[{"name":"wp","href":"https:\/\/api.w.org\/{rel}","templated":true}]}}