{"id":37395,"date":"2023-11-30T16:55:01","date_gmt":"2023-11-30T19:55:01","guid":{"rendered":"http:\/\/jornaldeitaipava.com.br\/?p=37395"},"modified":"2023-11-30T16:55:05","modified_gmt":"2023-11-30T19:55:05","slug":"comissao-aprova-proposta-de-max-lemos-que-proibe-aquisicao-e-porte-de-armas-a-agressores-de-mulheres","status":"publish","type":"post","link":"http:\/\/jornaldeitaipava.com.br\/index.php\/2023\/11\/30\/comissao-aprova-proposta-de-max-lemos-que-proibe-aquisicao-e-porte-de-armas-a-agressores-de-mulheres\/","title":{"rendered":"Comiss\u00e3o aprova proposta de Max Lemos que pro\u00edbe aquisi\u00e7\u00e3o e porte de armas a agressores de mulheres"},"content":{"rendered":"\n<p>A Comiss\u00e3o de Defesa dos Direitos da Mulher da C\u00e2mara dos Deputados aprovou projeto de lei (PL 3874\/23), de autoria do deputado Max Lemos (PDT-RJ), que pro\u00edbe a aquisi\u00e7\u00e3o e o porte de armas de fogo e muni\u00e7\u00f5es por indiv\u00edduo que tenha registro de agress\u00e3o contra mulher em inqu\u00e9rito e processo judicial.<br>De acordo com o texto do projeto, entende-se por \u201cagress\u00e3o \u00e0 mulher\u201d os crimes de viol\u00eancia dom\u00e9stica, agress\u00e3o f\u00edsica, sexual ou psicol\u00f3gica contra uma mulher.<br>A proposi\u00e7\u00e3o determina, ainda, que os \u00f3rg\u00e3os respons\u00e1veis pela concess\u00e3o de autoriza\u00e7\u00f5es para aquisi\u00e7\u00e3o de armas de fogo e muni\u00e7\u00f5es devem consultar regularmente os registros de controle em inqu\u00e9rito e processo judicial por agress\u00e3o a mulheres, antes de conceder tais autoriza\u00e7\u00f5es, e que o n\u00e3o cumprimento das disposi\u00e7\u00f5es da lei sujeitar\u00e1 o infrator a multas, apreens\u00e3o das armas e muni\u00e7\u00f5es adquiridas ilegalmente, bem como \u00e0s a\u00e7\u00f5es penais cab\u00edveis. Qualquer tentativa de falsifica\u00e7\u00e3o ou oculta\u00e7\u00e3o de registros de agress\u00f5es a mulheres, a fim de adquirir armas e muni\u00e7\u00f5es, tamb\u00e9m ser\u00e1 punida.<br>O autor do projeto de lei lembra que as agress\u00f5es contra mulheres, sejam elas f\u00edsicas, sexuais ou psicol\u00f3gicas, representam uma manifesta\u00e7\u00e3o de desigualdade e domina\u00e7\u00e3o de g\u00eanero, contribuindo para um ciclo de abuso que perpetua o sofrimento das v\u00edtimas.<br>\u201cA falta de medidas preventivas e punitivas adequadas pode permitir que agressores continuem a perpetrar atos de viol\u00eancia, criando um ambiente de medo e inseguran\u00e7a para as mulheres\u201d, defende Max Lemos. Para o parlamentar, \u201cao promover a conscientiza\u00e7\u00e3o p\u00fablica sobre os perigos da viol\u00eancia contra mulheres e o uso de armas de fogo nesse contexto, estamos trabalhando para transformar normas culturais e comportamentais que perpetuam a desigualdade de g\u00eanero\u201d.<br>A mat\u00e9ria tramita sujeita \u00e0 aprecia\u00e7\u00e3o conclusiva pelas comiss\u00f5es \u2013 quando n\u00e3o h\u00e1 necessidade de vota\u00e7\u00e3o em Plen\u00e1rio para a aprova\u00e7\u00e3o -, e ser\u00e1 em seguida analisada pelas comiss\u00f5es de Seguran\u00e7a P\u00fablica e Combate ao Crime Organizado e de Constitui\u00e7\u00e3o e Justi\u00e7a e de Cidadania.<\/p>\n","protected":false},"excerpt":{"rendered":"<p>A Comiss\u00e3o de Defesa dos Direitos da Mulher da C\u00e2mara dos Deputados aprovou projeto de<\/p>\n","protected":false},"author":1,"featured_media":37396,"comment_status":"closed","ping_status":"open","sticky":false,"template":"","format":"standard","meta":{"spay_email":"","footnotes":"","jetpack_publicize_message":""},"categories":[2,9],"tags":[],"jetpack_featured_media_url":"https:\/\/i0.wp.com\/jornaldeitaipava.com.br\/wp-content\/uploads\/2023\/11\/Max-2.jpeg?fit=1600%2C1200","jetpack_publicize_connections":[],"jetpack_sharing_enabled":true,"jetpack_likes_enabled":true,"jetpack-related-posts":[],"_links":{"self":[{"href":"http:\/\/jornaldeitaipava.com.br\/index.php\/wp-json\/wp\/v2\/posts\/37395"}],"collection":[{"href":"http:\/\/jornaldeitaipava.com.br\/index.php\/wp-json\/wp\/v2\/posts"}],"about":[{"href":"http:\/\/jornaldeitaipava.com.br\/index.php\/wp-json\/wp\/v2\/types\/post"}],"author":[{"embeddable":true,"href":"http:\/\/jornaldeitaipava.com.br\/index.php\/wp-json\/wp\/v2\/users\/1"}],"replies":[{"embeddable":true,"href":"http:\/\/jornaldeitaipava.com.br\/index.php\/wp-json\/wp\/v2\/comments?post=37395"}],"version-history":[{"count":1,"href":"http:\/\/jornaldeitaipava.com.br\/index.php\/wp-json\/wp\/v2\/posts\/37395\/revisions"}],"predecessor-version":[{"id":37397,"href":"http:\/\/jornaldeitaipava.com.br\/index.php\/wp-json\/wp\/v2\/posts\/37395\/revisions\/37397"}],"wp:featuredmedia":[{"embeddable":true,"href":"http:\/\/jornaldeitaipava.com.br\/index.php\/wp-json\/wp\/v2\/media\/37396"}],"wp:attachment":[{"href":"http:\/\/jornaldeitaipava.com.br\/index.php\/wp-json\/wp\/v2\/media?parent=37395"}],"wp:term":[{"taxonomy":"category","embeddable":true,"href":"http:\/\/jornaldeitaipava.com.br\/index.php\/wp-json\/wp\/v2\/categories?post=37395"},{"taxonomy":"post_tag","embeddable":true,"href":"http:\/\/jornaldeitaipava.com.br\/index.php\/wp-json\/wp\/v2\/tags?post=37395"}],"curies":[{"name":"wp","href":"https:\/\/api.w.org\/{rel}","templated":true}]}}