{"id":37929,"date":"2024-01-12T12:20:12","date_gmt":"2024-01-12T15:20:12","guid":{"rendered":"http:\/\/jornaldeitaipava.com.br\/?p=37929"},"modified":"2024-01-12T12:20:13","modified_gmt":"2024-01-12T15:20:13","slug":"vereadora-pede-o-cancelamento-do-reajuste-da-tarifa-de-agua","status":"publish","type":"post","link":"http:\/\/jornaldeitaipava.com.br\/index.php\/2024\/01\/12\/vereadora-pede-o-cancelamento-do-reajuste-da-tarifa-de-agua\/","title":{"rendered":"Vereadora pede o cancelamento do reajuste da tarifa de \u00e1gua"},"content":{"rendered":"\n<p>A Vereadora Gilda Beatriz (PSD) protocolou ontem (10\/01) na C\u00e2mara Municipal, uma Indica\u00e7\u00e3o Legislativa pedindo a revoga\u00e7\u00e3o do decreto da prefeitura que autorizou o reajuste da tarifa praticada pela empresa \u00c1guas do Imperador.<br>No dia 29 de dezembro de 2023 o Prefeito publicou um decreto, reajustando em 7,9% a tarifa de \u00e1gua em Petr\u00f3polis. O reajuste est\u00e1 valendo desde o dia 1\u00ba de janeiro, por\u00e9m, somente no in\u00edcio dessa semana o Di\u00e1rio Oficial foi disponibilizado.<br>\u201cOs petropolitanos seguem mais uma vez sendo prejudicados pelo Poder Executivo. Esse aumento est\u00e1 acima da infla\u00e7\u00e3o, est\u00e1 acima do reajuste do sal\u00e1rio m\u00ednimo. Isso n\u00e3o existe. Vamos cobrar que esse decreto seja revogado\u201d. Destacou a parlamentar<br>A proposta da Vereadora ser\u00e1 apreciada pela Casa Legislativa e sendo aprovada, ser\u00e1 encaminhada para a Prefeitura.<\/p>\n","protected":false},"excerpt":{"rendered":"<p>A Vereadora Gilda Beatriz (PSD) protocolou ontem (10\/01) na C\u00e2mara Municipal, uma Indica\u00e7\u00e3o Legislativa pedindo<\/p>\n","protected":false},"author":1,"featured_media":6032,"comment_status":"closed","ping_status":"open","sticky":false,"template":"","format":"standard","meta":{"spay_email":"","footnotes":"","jetpack_publicize_message":""},"categories":[2],"tags":[],"jetpack_featured_media_url":"https:\/\/i0.wp.com\/jornaldeitaipava.com.br\/wp-content\/uploads\/2020\/12\/GILDA.jpg?fit=840%2C543","jetpack_publicize_connections":[],"jetpack_sharing_enabled":true,"jetpack_likes_enabled":true,"jetpack-related-posts":[],"_links":{"self":[{"href":"http:\/\/jornaldeitaipava.com.br\/index.php\/wp-json\/wp\/v2\/posts\/37929"}],"collection":[{"href":"http:\/\/jornaldeitaipava.com.br\/index.php\/wp-json\/wp\/v2\/posts"}],"about":[{"href":"http:\/\/jornaldeitaipava.com.br\/index.php\/wp-json\/wp\/v2\/types\/post"}],"author":[{"embeddable":true,"href":"http:\/\/jornaldeitaipava.com.br\/index.php\/wp-json\/wp\/v2\/users\/1"}],"replies":[{"embeddable":true,"href":"http:\/\/jornaldeitaipava.com.br\/index.php\/wp-json\/wp\/v2\/comments?post=37929"}],"version-history":[{"count":1,"href":"http:\/\/jornaldeitaipava.com.br\/index.php\/wp-json\/wp\/v2\/posts\/37929\/revisions"}],"predecessor-version":[{"id":37930,"href":"http:\/\/jornaldeitaipava.com.br\/index.php\/wp-json\/wp\/v2\/posts\/37929\/revisions\/37930"}],"wp:featuredmedia":[{"embeddable":true,"href":"http:\/\/jornaldeitaipava.com.br\/index.php\/wp-json\/wp\/v2\/media\/6032"}],"wp:attachment":[{"href":"http:\/\/jornaldeitaipava.com.br\/index.php\/wp-json\/wp\/v2\/media?parent=37929"}],"wp:term":[{"taxonomy":"category","embeddable":true,"href":"http:\/\/jornaldeitaipava.com.br\/index.php\/wp-json\/wp\/v2\/categories?post=37929"},{"taxonomy":"post_tag","embeddable":true,"href":"http:\/\/jornaldeitaipava.com.br\/index.php\/wp-json\/wp\/v2\/tags?post=37929"}],"curies":[{"name":"wp","href":"https:\/\/api.w.org\/{rel}","templated":true}]}}