{"id":37933,"date":"2024-01-12T12:32:38","date_gmt":"2024-01-12T15:32:38","guid":{"rendered":"http:\/\/jornaldeitaipava.com.br\/?p=37933"},"modified":"2024-01-12T12:32:40","modified_gmt":"2024-01-12T15:32:40","slug":"a-conexao-com-a-natureza-atraves-dos-aromas-especialista-traz-dicas-para-harmonizacao-de-ambientes-e-terapias-alternativas-atraves-do-olfato","status":"publish","type":"post","link":"http:\/\/jornaldeitaipava.com.br\/index.php\/2024\/01\/12\/a-conexao-com-a-natureza-atraves-dos-aromas-especialista-traz-dicas-para-harmonizacao-de-ambientes-e-terapias-alternativas-atraves-do-olfato\/","title":{"rendered":"A conex\u00e3o com a natureza atrav\u00e9s dos aromas: especialista traz dicas para harmoniza\u00e7\u00e3o de ambientes e terapias alternativas atrav\u00e9s do olfato"},"content":{"rendered":"\n<p>Cheirinho de caf\u00e9 fresco, de bolo saindo do forno, da comida da av\u00f3, da m\u00e3e\u2026 No imagin\u00e1rio de todos n\u00f3s, mem\u00f3rias olfativas remetem a bons momentos, agu\u00e7am percep\u00e7\u00f5es ou marcam situa\u00e7\u00f5es vivenciadas ao longo do cotidiano. Mas para al\u00e9m de um aroma que seja agrad\u00e1vel \u00e0s nossas prefer\u00eancias, h\u00e1 uma s\u00e9rie de benef\u00edcios que podem ser proporcionados do ponto de vista terap\u00eautico.<br>Um estudo cl\u00ednico realizado em 2023 por pesquisadores da Universidade da Calif\u00f3rnia revelou que a utiliza\u00e7\u00e3o noturna de aromaterapia por seis meses foi capaz de melhorar as habilidades cognitivas de adultos mais velhos. Na avalia\u00e7\u00e3o, foram usados \u00f3leos essenciais todas as noites, num per\u00edodo de duas horas antes do sono, com aromas diferentes para cada dia da semana. Dentre as fragr\u00e2ncias utilizadas no experimento est\u00e3o as de rosa, laranja, eucalipto, lim\u00e3o, hortel\u00e3-pimenta, alecrim e lavanda.<br>A psic\u00f3loga e fundadora da Casa Magia da Terra, Ang\u00e9lica Dimitriou, apostou neste nicho para unir suas duas paix\u00f5es: o cuidado humanizado com pessoas e as fragr\u00e2ncias, cores e sensa\u00e7\u00f5es que as esp\u00e9cies encontradas na natureza podem proporcionar.<\/p>\n\n\n\n<p>&#8220;Hoje \u00e9 poss\u00edvel aliar o tratamento com \u00f3leos essenciais a outras terapias j\u00e1 realizadas, como complementa\u00e7\u00e3o e aux\u00edlio para que o paciente conquiste seu objetivo neste trabalho psicol\u00f3gico. Seja para ansiedade, busca de equil\u00edbrio, autocontrole ou outras necessidades, a gente consegue alcan\u00e7ar diversos benef\u00edcios e de forma vers\u00e1til com op\u00e7\u00f5es como roll-on, que vai em pontos espec\u00edficos da pele, liberando aromas que agu\u00e7am determinadas percep\u00e7\u00f5es ou em difusores pessoais como os cord\u00f5es, escalda-p\u00e9s ou sais de banho. Alecrim e s\u00e1lvia trazem conforto para dias mais cansativos, enquanto camomila e lavanda s\u00e3o op\u00e7\u00f5es que foram utilizadas para o de renova\u00e7\u00e3o. As vers\u00f5es utilizam os \u00f3leos essenciais aliados para proporcionar leveza, energia e equilibrar o emocional&#8221;, detalha.<\/p>\n\n\n<div class=\"wp-block-image\">\n<figure class=\"aligncenter size-large is-resized\"><img loading=\"lazy\" decoding=\"async\" width=\"640\" height=\"853\" data-attachment-id=\"37934\" data-permalink=\"http:\/\/jornaldeitaipava.com.br\/index.php\/2024\/01\/12\/a-conexao-com-a-natureza-atraves-dos-aromas-especialista-traz-dicas-para-harmonizacao-de-ambientes-e-terapias-alternativas-atraves-do-olfato\/whatsapp-image-2024-01-11-at-13-56-08\/\" data-orig-file=\"https:\/\/i0.wp.com\/jornaldeitaipava.com.br\/wp-content\/uploads\/2024\/01\/WhatsApp-Image-2024-01-11-at-13.56.08.jpeg?fit=768%2C1024\" data-orig-size=\"768,1024\" data-comments-opened=\"0\" data-image-meta=\"{&quot;aperture&quot;:&quot;0&quot;,&quot;credit&quot;:&quot;&quot;,&quot;camera&quot;:&quot;&quot;,&quot;caption&quot;:&quot;&quot;,&quot;created_timestamp&quot;:&quot;0&quot;,&quot;copyright&quot;:&quot;&quot;,&quot;focal_length&quot;:&quot;0&quot;,&quot;iso&quot;:&quot;0&quot;,&quot;shutter_speed&quot;:&quot;0&quot;,&quot;title&quot;:&quot;&quot;,&quot;orientation&quot;:&quot;0&quot;}\" data-image-title=\"WhatsApp Image 2024-01-11 at 13.56.08\" data-image-description=\"\" data-medium-file=\"https:\/\/i0.wp.com\/jornaldeitaipava.com.br\/wp-content\/uploads\/2024\/01\/WhatsApp-Image-2024-01-11-at-13.56.08.jpeg?fit=225%2C300\" data-large-file=\"https:\/\/i0.wp.com\/jornaldeitaipava.com.br\/wp-content\/uploads\/2024\/01\/WhatsApp-Image-2024-01-11-at-13.56.08.jpeg?fit=640%2C853\" src=\"https:\/\/i0.wp.com\/jornaldeitaipava.com.br\/wp-content\/uploads\/2024\/01\/WhatsApp-Image-2024-01-11-at-13.56.08.jpeg?resize=640%2C853\" alt=\"\" class=\"wp-image-37934\" style=\"width:499px;height:auto\" srcset=\"https:\/\/i0.wp.com\/jornaldeitaipava.com.br\/wp-content\/uploads\/2024\/01\/WhatsApp-Image-2024-01-11-at-13.56.08.jpeg?w=768 768w, https:\/\/i0.wp.com\/jornaldeitaipava.com.br\/wp-content\/uploads\/2024\/01\/WhatsApp-Image-2024-01-11-at-13.56.08.jpeg?resize=225%2C300 225w\" sizes=\"(max-width: 640px) 100vw, 640px\" data-recalc-dims=\"1\" \/><\/figure><\/div>\n\n\n<p>Outra iniciativa adotada pela empreendedora foi investir no desenvolvimento de identidades olfativas para empresas, pessoas e marcas, que conseguem harmonizar seus ambientes com fragr\u00e2ncias que representem sua verdadeira ess\u00eancia.<br>&#8220;Pode parecer um mero detalhe, mas dar essa &#8216;cara&#8217; para um espa\u00e7o \u00e9 capaz de eternizar aquele ambiente no imagin\u00e1rio de algu\u00e9m, apenas pelo cheiro que a sala, o consult\u00f3rio, escrit\u00f3rio ou a casa tenha. A gente consegue, atrav\u00e9s da uni\u00e3o de ess\u00eancias naturais, criar um cheiro \u00fanico, baseado em informa\u00e7\u00f5es do que cada um deseja representar atrav\u00e9s daquele lugar, com a utiliza\u00e7\u00e3o dessa identidade olfativa&#8221;, explica.<br>Mais informa\u00e7\u00f5es sobre o servi\u00e7o podem ser encontradas atrav\u00e9s do Instagram @casamagiadaterra ou na Rua Francisco Manoel, 59 &#8211; Centro. A terapeuta trabalha ainda com pr\u00e1ticas que utilizam cristais para explorar os benef\u00edcios encontrados nas pedras, que podem influenciar energeticamente diversos aspectos da vida. Amor, prosperidade, sa\u00fade e maior conforto podem fazer diferen\u00e7a na busca por maior qualidade de vida e equil\u00edbrio dos chakras.<\/p>\n","protected":false},"excerpt":{"rendered":"<p>Cheirinho de caf\u00e9 fresco, de bolo saindo do forno, da comida da av\u00f3, da m\u00e3e\u2026<\/p>\n","protected":false},"author":1,"featured_media":37935,"comment_status":"closed","ping_status":"open","sticky":false,"template":"","format":"standard","meta":{"spay_email":"","footnotes":"","jetpack_publicize_message":""},"categories":[2],"tags":[],"jetpack_featured_media_url":"https:\/\/i1.wp.com\/jornaldeitaipava.com.br\/wp-content\/uploads\/2024\/01\/WhatsApp-Image-2024-01-11-at-13.56.07.jpeg?fit=1024%2C576","jetpack_publicize_connections":[],"jetpack_sharing_enabled":true,"jetpack_likes_enabled":true,"jetpack-related-posts":[],"_links":{"self":[{"href":"http:\/\/jornaldeitaipava.com.br\/index.php\/wp-json\/wp\/v2\/posts\/37933"}],"collection":[{"href":"http:\/\/jornaldeitaipava.com.br\/index.php\/wp-json\/wp\/v2\/posts"}],"about":[{"href":"http:\/\/jornaldeitaipava.com.br\/index.php\/wp-json\/wp\/v2\/types\/post"}],"author":[{"embeddable":true,"href":"http:\/\/jornaldeitaipava.com.br\/index.php\/wp-json\/wp\/v2\/users\/1"}],"replies":[{"embeddable":true,"href":"http:\/\/jornaldeitaipava.com.br\/index.php\/wp-json\/wp\/v2\/comments?post=37933"}],"version-history":[{"count":1,"href":"http:\/\/jornaldeitaipava.com.br\/index.php\/wp-json\/wp\/v2\/posts\/37933\/revisions"}],"predecessor-version":[{"id":37936,"href":"http:\/\/jornaldeitaipava.com.br\/index.php\/wp-json\/wp\/v2\/posts\/37933\/revisions\/37936"}],"wp:featuredmedia":[{"embeddable":true,"href":"http:\/\/jornaldeitaipava.com.br\/index.php\/wp-json\/wp\/v2\/media\/37935"}],"wp:attachment":[{"href":"http:\/\/jornaldeitaipava.com.br\/index.php\/wp-json\/wp\/v2\/media?parent=37933"}],"wp:term":[{"taxonomy":"category","embeddable":true,"href":"http:\/\/jornaldeitaipava.com.br\/index.php\/wp-json\/wp\/v2\/categories?post=37933"},{"taxonomy":"post_tag","embeddable":true,"href":"http:\/\/jornaldeitaipava.com.br\/index.php\/wp-json\/wp\/v2\/tags?post=37933"}],"curies":[{"name":"wp","href":"https:\/\/api.w.org\/{rel}","templated":true}]}}