{"id":37939,"date":"2024-01-12T12:39:42","date_gmt":"2024-01-12T15:39:42","guid":{"rendered":"http:\/\/jornaldeitaipava.com.br\/?p=37939"},"modified":"2024-01-12T12:39:44","modified_gmt":"2024-01-12T15:39:44","slug":"beneficios-do-inss-acima-do-minimo-terao-reajuste-de-371","status":"publish","type":"post","link":"http:\/\/jornaldeitaipava.com.br\/index.php\/2024\/01\/12\/beneficios-do-inss-acima-do-minimo-terao-reajuste-de-371\/","title":{"rendered":"Benef\u00edcios do INSS acima do m\u00ednimo ter\u00e3o reajuste de 3,71%"},"content":{"rendered":"\n<p>Os benef\u00edcios do Instituto Nacional do Seguro Social (INSS) acima de um sal\u00e1rio m\u00ednimo subir\u00e3o 3,71% neste ano, confirmou hoje (11) o Minist\u00e9rio da Previd\u00eancia Social. O reajuste seguir\u00e1 o \u00cdndice Nacional de Pre\u00e7os ao Consumidor (INPC) do ano passado, divulgado mais cedo pelo Instituto Brasileiro de Geografia e Estat\u00edstica (IBGE).<br>Com a defini\u00e7\u00e3o do \u00edndice de reajuste, o teto do INSS subir\u00e1 R$ 278,52. Os benef\u00edcios de valor mais alto passar\u00e3o de R$ 7.507,49 no ano passado para R$ 7.786,01 em 2024.<br>Al\u00e9m de corrigir os benef\u00edcios acima de um sal\u00e1rio m\u00ednimo, o INPC tamb\u00e9m \u00e9 aplicado para o reajuste das contribui\u00e7\u00f5es para a Previd\u00eancia Social. Essas contribui\u00e7\u00f5es sobem conforme o sal\u00e1rio. Quanto mais o trabalhador na ativa recebe, mais est\u00e1 sujeito a al\u00edquotas adicionais que elevam a contribui\u00e7\u00e3o.<br>Os benef\u00edcios atrelados ao sal\u00e1rio m\u00ednimo subir\u00e3o 6,97%, de R$ 1.320 para R$ 1.412. A varia\u00e7\u00e3o corresponde \u00e0 pol\u00edtica corre\u00e7\u00e3o aprovada em agosto do ano passado, que prev\u00ea a reposi\u00e7\u00e3o da infla\u00e7\u00e3o pelo INPC do ano anterior, mais o crescimento do Produto Interno Bruto (PIB) de dois anos antes.<br>O decreto com o valor do sal\u00e1rio m\u00ednimo, que responde pela maior parte dos benef\u00edcios da Previd\u00eancia Social, foi assinado no fim de dezembro pelo presidente Luiz In\u00e1cio Lula da Silva.<br>O INSS come\u00e7ar\u00e1 a pagar os benef\u00edcios de janeiro no fim do m\u00eas. Para quem ganha um sal\u00e1rio m\u00ednimo, o pagamento da aposentadoria, pens\u00e3o ou aux\u00edlio ser\u00e1 feito entre 25 de janeiro e 7 de fevereiro. Quem recebe al\u00e9m do m\u00ednimo ter\u00e1 o benef\u00edcio depositado entre 1\u00ba e 7 de fevereiro.<\/p>\n\n\n\n<p>Por Wellton M\u00e1ximo \u2013 Rep\u00f3rter da Ag\u00eancia Brasil<\/p>\n","protected":false},"excerpt":{"rendered":"<p>Os benef\u00edcios do Instituto Nacional do Seguro Social (INSS) acima de um sal\u00e1rio m\u00ednimo subir\u00e3o<\/p>\n","protected":false},"author":1,"featured_media":7120,"comment_status":"closed","ping_status":"open","sticky":false,"template":"","format":"standard","meta":{"spay_email":"","footnotes":"","jetpack_publicize_message":""},"categories":[9],"tags":[],"jetpack_featured_media_url":"https:\/\/i0.wp.com\/jornaldeitaipava.com.br\/wp-content\/uploads\/2020\/12\/DINHEIRO.jpg?fit=1170%2C700","jetpack_publicize_connections":[],"jetpack_sharing_enabled":true,"jetpack_likes_enabled":true,"jetpack-related-posts":[],"_links":{"self":[{"href":"http:\/\/jornaldeitaipava.com.br\/index.php\/wp-json\/wp\/v2\/posts\/37939"}],"collection":[{"href":"http:\/\/jornaldeitaipava.com.br\/index.php\/wp-json\/wp\/v2\/posts"}],"about":[{"href":"http:\/\/jornaldeitaipava.com.br\/index.php\/wp-json\/wp\/v2\/types\/post"}],"author":[{"embeddable":true,"href":"http:\/\/jornaldeitaipava.com.br\/index.php\/wp-json\/wp\/v2\/users\/1"}],"replies":[{"embeddable":true,"href":"http:\/\/jornaldeitaipava.com.br\/index.php\/wp-json\/wp\/v2\/comments?post=37939"}],"version-history":[{"count":1,"href":"http:\/\/jornaldeitaipava.com.br\/index.php\/wp-json\/wp\/v2\/posts\/37939\/revisions"}],"predecessor-version":[{"id":37940,"href":"http:\/\/jornaldeitaipava.com.br\/index.php\/wp-json\/wp\/v2\/posts\/37939\/revisions\/37940"}],"wp:featuredmedia":[{"embeddable":true,"href":"http:\/\/jornaldeitaipava.com.br\/index.php\/wp-json\/wp\/v2\/media\/7120"}],"wp:attachment":[{"href":"http:\/\/jornaldeitaipava.com.br\/index.php\/wp-json\/wp\/v2\/media?parent=37939"}],"wp:term":[{"taxonomy":"category","embeddable":true,"href":"http:\/\/jornaldeitaipava.com.br\/index.php\/wp-json\/wp\/v2\/categories?post=37939"},{"taxonomy":"post_tag","embeddable":true,"href":"http:\/\/jornaldeitaipava.com.br\/index.php\/wp-json\/wp\/v2\/tags?post=37939"}],"curies":[{"name":"wp","href":"https:\/\/api.w.org\/{rel}","templated":true}]}}