{"id":37941,"date":"2024-01-12T13:03:25","date_gmt":"2024-01-12T16:03:25","guid":{"rendered":"http:\/\/jornaldeitaipava.com.br\/?p=37941"},"modified":"2024-01-12T13:04:03","modified_gmt":"2024-01-12T16:04:03","slug":"operacao-verao-crianca-segura-na-praia-de-geriba-garante-identificacao-e-protecao","status":"publish","type":"post","link":"http:\/\/jornaldeitaipava.com.br\/index.php\/2024\/01\/12\/operacao-verao-crianca-segura-na-praia-de-geriba-garante-identificacao-e-protecao\/","title":{"rendered":"B\u00fazios: opera\u00e7\u00e3o Ver\u00e3o Crian\u00e7a Segura garante identifica\u00e7\u00e3o e prote\u00e7\u00e3o"},"content":{"rendered":"\n<p>A\u00e7\u00e3o acontecer\u00e1 \u00e0s sextas, s\u00e1bados e domingos, das 8h \u00e0s 12h at\u00e9 fevereiro.<br>Acontece oficialmente nesta sexta-feira (12) o lan\u00e7amento da Opera\u00e7\u00e3o Ver\u00e3o Crian\u00e7a Segura na praia de Gerib\u00e1, em B\u00fazios. A a\u00e7\u00e3o, que se estender\u00e1 at\u00e9 18 de fevereiro, visa refor\u00e7ar a seguran\u00e7a dos pequenos durante a temporada de ver\u00e3o.<br>A estrutura montada na praia receber\u00e1 respons\u00e1veis e crian\u00e7as, proporcionando a coloca\u00e7\u00e3o de pulseirinhas de identifica\u00e7\u00e3o. Estas conter\u00e3o informa\u00e7\u00f5es cruciais, incluindo o nome da crian\u00e7a e um n\u00famero de telefone dos respons\u00e1veis, garantindo uma comunica\u00e7\u00e3o r\u00e1pida em caso de necessidade.<br>A Guarda Civil de B\u00fazios estar\u00e1 presente com sua equipe do PROGEP (Programa Educacional e Preventivo \u00e0s Drogas, Tr\u00e2nsito e Viol\u00eancia), assegurando uma cobertura permanente nas servid\u00f5es do canto direito e servid\u00e3o do Fishbone. Al\u00e9m disso, agentes da Guarda Mirim tamb\u00e9m se unir\u00e3o ao esfor\u00e7o, fortalecendo a presen\u00e7a de seguran\u00e7a.<br>No in\u00edcio da opera\u00e7\u00e3o, equipes estar\u00e3o percorrendo toda a extens\u00e3o da praia de Gerib\u00e1, abordando banhistas que chegaram por outras servid\u00f5es. Das 8h \u00e0s 12h, as tendas nas servid\u00f5es mencionadas oferecer\u00e3o a\u00e7\u00f5es diretas, garantindo que o maior n\u00famero poss\u00edvel de crian\u00e7as esteja identificado e protegido.<br>A Opera\u00e7\u00e3o Ver\u00e3o Crian\u00e7a Segura refor\u00e7a o compromisso com a seguran\u00e7a e bem-estar das crian\u00e7as, proporcionando aos pais e respons\u00e1veis uma ferramenta adicional para garantir a tranquilidade durante o lazer na praia.<\/p>\n","protected":false},"excerpt":{"rendered":"<p>A\u00e7\u00e3o acontecer\u00e1 \u00e0s sextas, s\u00e1bados e domingos, das 8h \u00e0s 12h at\u00e9 fevereiro.Acontece oficialmente nesta<\/p>\n","protected":false},"author":1,"featured_media":37942,"comment_status":"closed","ping_status":"open","sticky":false,"template":"","format":"standard","meta":{"spay_email":"","footnotes":"","jetpack_publicize_message":""},"categories":[5],"tags":[],"jetpack_featured_media_url":"https:\/\/i1.wp.com\/jornaldeitaipava.com.br\/wp-content\/uploads\/2024\/01\/geriba.jpeg?fit=1600%2C1357","jetpack_publicize_connections":[],"jetpack_sharing_enabled":true,"jetpack_likes_enabled":true,"jetpack-related-posts":[],"_links":{"self":[{"href":"http:\/\/jornaldeitaipava.com.br\/index.php\/wp-json\/wp\/v2\/posts\/37941"}],"collection":[{"href":"http:\/\/jornaldeitaipava.com.br\/index.php\/wp-json\/wp\/v2\/posts"}],"about":[{"href":"http:\/\/jornaldeitaipava.com.br\/index.php\/wp-json\/wp\/v2\/types\/post"}],"author":[{"embeddable":true,"href":"http:\/\/jornaldeitaipava.com.br\/index.php\/wp-json\/wp\/v2\/users\/1"}],"replies":[{"embeddable":true,"href":"http:\/\/jornaldeitaipava.com.br\/index.php\/wp-json\/wp\/v2\/comments?post=37941"}],"version-history":[{"count":2,"href":"http:\/\/jornaldeitaipava.com.br\/index.php\/wp-json\/wp\/v2\/posts\/37941\/revisions"}],"predecessor-version":[{"id":37944,"href":"http:\/\/jornaldeitaipava.com.br\/index.php\/wp-json\/wp\/v2\/posts\/37941\/revisions\/37944"}],"wp:featuredmedia":[{"embeddable":true,"href":"http:\/\/jornaldeitaipava.com.br\/index.php\/wp-json\/wp\/v2\/media\/37942"}],"wp:attachment":[{"href":"http:\/\/jornaldeitaipava.com.br\/index.php\/wp-json\/wp\/v2\/media?parent=37941"}],"wp:term":[{"taxonomy":"category","embeddable":true,"href":"http:\/\/jornaldeitaipava.com.br\/index.php\/wp-json\/wp\/v2\/categories?post=37941"},{"taxonomy":"post_tag","embeddable":true,"href":"http:\/\/jornaldeitaipava.com.br\/index.php\/wp-json\/wp\/v2\/tags?post=37941"}],"curies":[{"name":"wp","href":"https:\/\/api.w.org\/{rel}","templated":true}]}}