{"id":37945,"date":"2024-01-12T13:05:35","date_gmt":"2024-01-12T16:05:35","guid":{"rendered":"http:\/\/jornaldeitaipava.com.br\/?p=37945"},"modified":"2024-01-12T13:05:37","modified_gmt":"2024-01-12T16:05:37","slug":"inscricoes-abertas-para-a-colonia-de-ferias-da-escola-monsenhor-joao-de-deus-em-pedro-do-rio","status":"publish","type":"post","link":"http:\/\/jornaldeitaipava.com.br\/index.php\/2024\/01\/12\/inscricoes-abertas-para-a-colonia-de-ferias-da-escola-monsenhor-joao-de-deus-em-pedro-do-rio\/","title":{"rendered":"Inscri\u00e7\u00f5es abertas para a col\u00f4nia de f\u00e9rias da Escola Monsenhor Jo\u00e3o de Deus, em Pedro do Rio"},"content":{"rendered":"\n<p>A partir do dia 15, a Escola Municipal Monsenhor Jo\u00e3o de Deus Rodrigues, em Pedro do Rio, est\u00e1 com inscri\u00e7\u00f5es abertas para col\u00f4nia de f\u00e9rias. Haver\u00e1 atividades l\u00fadicas na piscina e recreativas na quadra, al\u00e9m de luta. A col\u00f4nia de f\u00e9rias \u00e9 gratuita e aberta a toda a comunidade.<br>As inscri\u00e7\u00f5es devem ser feitas na pr\u00f3pria escola de segunda a sexta-feira, das 8h \u00e0s 17h. \u00c9 preciso levar documenta\u00e7\u00e3o pessoal dos menores. Podem se inscrever crian\u00e7as e adolescentes entre oito e 13 anos.<br>Para o p\u00fablico com idade entre 11 e 15 anos a col\u00f4nia de f\u00e9rias funciona de segunda a sexta-feira, das 8h \u00e0s 12h. J\u00e1 para as crian\u00e7as entre oito e 10 anos, as atividades funcionam das 11h \u00e0s 17h, tamb\u00e9m de segunda a sexta. \u00c9 oferecido almo\u00e7o e lanche para as crian\u00e7as e adolescentes.<\/p>\n","protected":false},"excerpt":{"rendered":"<p>A partir do dia 15, a Escola Municipal Monsenhor Jo\u00e3o de Deus Rodrigues, em Pedro<\/p>\n","protected":false},"author":1,"featured_media":37946,"comment_status":"closed","ping_status":"open","sticky":false,"template":"","format":"standard","meta":{"spay_email":"","footnotes":"","jetpack_publicize_message":""},"categories":[2],"tags":[],"jetpack_featured_media_url":"https:\/\/i0.wp.com\/jornaldeitaipava.com.br\/wp-content\/uploads\/2024\/01\/e7bc6ff992c85690d6b78164517a9238.png?fit=1200%2C580","jetpack_publicize_connections":[],"jetpack_sharing_enabled":true,"jetpack_likes_enabled":true,"jetpack-related-posts":[],"_links":{"self":[{"href":"http:\/\/jornaldeitaipava.com.br\/index.php\/wp-json\/wp\/v2\/posts\/37945"}],"collection":[{"href":"http:\/\/jornaldeitaipava.com.br\/index.php\/wp-json\/wp\/v2\/posts"}],"about":[{"href":"http:\/\/jornaldeitaipava.com.br\/index.php\/wp-json\/wp\/v2\/types\/post"}],"author":[{"embeddable":true,"href":"http:\/\/jornaldeitaipava.com.br\/index.php\/wp-json\/wp\/v2\/users\/1"}],"replies":[{"embeddable":true,"href":"http:\/\/jornaldeitaipava.com.br\/index.php\/wp-json\/wp\/v2\/comments?post=37945"}],"version-history":[{"count":1,"href":"http:\/\/jornaldeitaipava.com.br\/index.php\/wp-json\/wp\/v2\/posts\/37945\/revisions"}],"predecessor-version":[{"id":37947,"href":"http:\/\/jornaldeitaipava.com.br\/index.php\/wp-json\/wp\/v2\/posts\/37945\/revisions\/37947"}],"wp:featuredmedia":[{"embeddable":true,"href":"http:\/\/jornaldeitaipava.com.br\/index.php\/wp-json\/wp\/v2\/media\/37946"}],"wp:attachment":[{"href":"http:\/\/jornaldeitaipava.com.br\/index.php\/wp-json\/wp\/v2\/media?parent=37945"}],"wp:term":[{"taxonomy":"category","embeddable":true,"href":"http:\/\/jornaldeitaipava.com.br\/index.php\/wp-json\/wp\/v2\/categories?post=37945"},{"taxonomy":"post_tag","embeddable":true,"href":"http:\/\/jornaldeitaipava.com.br\/index.php\/wp-json\/wp\/v2\/tags?post=37945"}],"curies":[{"name":"wp","href":"https:\/\/api.w.org\/{rel}","templated":true}]}}