{"id":37950,"date":"2024-01-16T19:03:27","date_gmt":"2024-01-16T22:03:27","guid":{"rendered":"http:\/\/jornaldeitaipava.com.br\/?p=37950"},"modified":"2024-01-16T19:03:31","modified_gmt":"2024-01-16T22:03:31","slug":"petropolis-moto-fest-e-incluido-no-calendario-municipal-de-eventos-proxima-edicao-sera-em-julho","status":"publish","type":"post","link":"http:\/\/jornaldeitaipava.com.br\/index.php\/2024\/01\/16\/petropolis-moto-fest-e-incluido-no-calendario-municipal-de-eventos-proxima-edicao-sera-em-julho\/","title":{"rendered":"&#8220;Petr\u00f3polis Moto Fest&#8221; \u00e9 inclu\u00eddo no Calend\u00e1rio Municipal de Eventos; pr\u00f3xima edi\u00e7\u00e3o ser\u00e1 em julho"},"content":{"rendered":"\n<p class=\"has-text-align-center\"><strong>Em 2023, evento reuniu cerca de 25 mil pessoas no Parque de Itaipava<\/strong><\/p>\n\n\n\n<p><br>O &#8220;Petr\u00f3polis Moto Fest&#8221; agora faz parte do calend\u00e1rio municipal de eventos e a pr\u00f3xima edi\u00e7\u00e3o j\u00e1 tem data marcada: vai acontecer nos dias 19, 20 e 21 de julho no Parque de Itaipava. A primeira edi\u00e7\u00e3o ocorreu em outubro do ano passado e reuniu cerca de 25 mil pessoas, com uma programa\u00e7\u00e3o que incluiu exposi\u00e7\u00f5es de motocicletas, shows, espa\u00e7o para expositores e \u00e1rea gastron\u00f4mica.<br>Um dos organizadores do Petr\u00f3polis Moto Fest, Marcelo Fiorini, destaca a import\u00e2ncia da inclus\u00e3o do evento no calend\u00e1rio do munic\u00edpio. \u201c\u00c9 um importante reconhecimento, uma vez que o Petr\u00f3polis Moto Fest atrai pessoas de outras cidades e estados, sendo um atrativo significativo para impulsionar a economia de Petr\u00f3polis como um todo\u201d, diz.<br>Neste ano, o evento vai acontecer na alta temporada e a ideia \u00e9 atrair um p\u00fablico ainda maior. \u201cJ\u00e1 estamos em contato com v\u00e1rias montadoras, temos a confirma\u00e7\u00e3o da Honda, que participou da primeira edi\u00e7\u00e3o e teve grande sucesso. Seguimos conversando com outras marcas e expositores, com a inten\u00e7\u00e3o de oferecer mais uma vez um evento de qualidade para os visitantes e tamb\u00e9m para os moradores da cidade&#8221;, afirma Fiorini.<br>Al\u00e9m de impulsionar o turismo, atraindo pessoas de diferentes regi\u00f5es que acabam se hospedando no munic\u00edpio, o &#8220;Petr\u00f3polis Moto Fest&#8221; tamb\u00e9m aquece outros setores, como o de com\u00e9rcio e servi\u00e7os, gerando ainda empregos diretos e indiretos.<\/p>\n","protected":false},"excerpt":{"rendered":"<p>Em 2023, evento reuniu cerca de 25 mil pessoas no Parque de Itaipava O &#8220;Petr\u00f3polis<\/p>\n","protected":false},"author":1,"featured_media":37951,"comment_status":"closed","ping_status":"open","sticky":false,"template":"","format":"standard","meta":{"spay_email":"","footnotes":"","jetpack_publicize_message":""},"categories":[42],"tags":[],"jetpack_featured_media_url":"https:\/\/i1.wp.com\/jornaldeitaipava.com.br\/wp-content\/uploads\/2024\/01\/Moto-Fest_Foto-Anderson-Vieira-1.jpeg?fit=1024%2C819","jetpack_publicize_connections":[],"jetpack_sharing_enabled":true,"jetpack_likes_enabled":true,"jetpack-related-posts":[],"_links":{"self":[{"href":"http:\/\/jornaldeitaipava.com.br\/index.php\/wp-json\/wp\/v2\/posts\/37950"}],"collection":[{"href":"http:\/\/jornaldeitaipava.com.br\/index.php\/wp-json\/wp\/v2\/posts"}],"about":[{"href":"http:\/\/jornaldeitaipava.com.br\/index.php\/wp-json\/wp\/v2\/types\/post"}],"author":[{"embeddable":true,"href":"http:\/\/jornaldeitaipava.com.br\/index.php\/wp-json\/wp\/v2\/users\/1"}],"replies":[{"embeddable":true,"href":"http:\/\/jornaldeitaipava.com.br\/index.php\/wp-json\/wp\/v2\/comments?post=37950"}],"version-history":[{"count":1,"href":"http:\/\/jornaldeitaipava.com.br\/index.php\/wp-json\/wp\/v2\/posts\/37950\/revisions"}],"predecessor-version":[{"id":37952,"href":"http:\/\/jornaldeitaipava.com.br\/index.php\/wp-json\/wp\/v2\/posts\/37950\/revisions\/37952"}],"wp:featuredmedia":[{"embeddable":true,"href":"http:\/\/jornaldeitaipava.com.br\/index.php\/wp-json\/wp\/v2\/media\/37951"}],"wp:attachment":[{"href":"http:\/\/jornaldeitaipava.com.br\/index.php\/wp-json\/wp\/v2\/media?parent=37950"}],"wp:term":[{"taxonomy":"category","embeddable":true,"href":"http:\/\/jornaldeitaipava.com.br\/index.php\/wp-json\/wp\/v2\/categories?post=37950"},{"taxonomy":"post_tag","embeddable":true,"href":"http:\/\/jornaldeitaipava.com.br\/index.php\/wp-json\/wp\/v2\/tags?post=37950"}],"curies":[{"name":"wp","href":"https:\/\/api.w.org\/{rel}","templated":true}]}}