{"id":38437,"date":"2024-02-23T16:24:53","date_gmt":"2024-02-23T19:24:53","guid":{"rendered":"http:\/\/jornaldeitaipava.com.br\/?p=38437"},"modified":"2024-02-23T16:24:54","modified_gmt":"2024-02-23T19:24:54","slug":"eduardo-do-blog-cobra-que-prefeitura-atue-para-que-rodoviarios-da-cascatinha-nao-percam-direitos","status":"publish","type":"post","link":"http:\/\/jornaldeitaipava.com.br\/index.php\/2024\/02\/23\/eduardo-do-blog-cobra-que-prefeitura-atue-para-que-rodoviarios-da-cascatinha-nao-percam-direitos\/","title":{"rendered":"Eduardo do Blog cobra que prefeitura atue para que rodovi\u00e1rios da Cascatinha n\u00e3o percam direitos"},"content":{"rendered":"\n<p>A novela envolvendo o transporte p\u00fablico na cidade ganhou novos cap\u00edtulos com direito a reviravolta e muitas incertezas quanto ao futuro do sistema. Ap\u00f3s a decis\u00e3o da 4\u00aa Vara C\u00edvel de Petr\u00f3polis, que determinou que as linhas pertencentes a Via\u00e7\u00e3o Cascatinha fosse transferidas para outras empresas, a Cascatinha conseguiu, na noite da quinta-feira (22), reverter o quadro junto ao TJRJ. No entanto, o caso ainda sera reavaliado.<br>A incerteza sobre o futuro da empresa tem deixado profissionais rodovi\u00e1rios apreensivos com o risco de perderem seus empregos. Na quinta-feira, v\u00e9spera do prazo dado pela Justi\u00e7a para a transfer\u00eancia das linhas, a categoria fez uma grande manifesta\u00e7\u00e3o no terminal do Centro com o intuito for\u00e7ar a Companhia Petropolitana de Tr\u00e2nsito e Transporte (CPTrans) a se posicionar sobre como ficar\u00e1 a situa\u00e7\u00e3o dos trabalhadores.<br>O vereador Eduardo do Blog vem atuando pela melhoria do sistema de transporte com proposta de interven\u00e7\u00e3o na Cascatinha e Petro Ita e realiza\u00e7\u00e3o de licita\u00e7\u00e3o para novas empresas. Nesta quinta-feira (22), o parlamentar tamb\u00e9m protocolou na C\u00e2mara Municipal, uma Indica\u00e7\u00e3o apontando a necessidade de manuten\u00e7\u00e3o dos empregos dos motoristas, cobradores, fiscais, mec\u00e2nicos e demais profissionais caso venha ocorrer a cess\u00e3o das linhas da Cascatinha.<br>&#8220;Precisamos dar suporte e garantir os postos de trabalho desses profissionais. S\u00e3o pais e m\u00e3es de fam\u00edlia que est\u00e3o sob press\u00e3o com toda esta indefini\u00e7\u00e3o sobre o futuro. J\u00e1 me reuni com o secret\u00e1rio de governo e tamb\u00e9m fiz uma Indica\u00e7\u00e3o para a prefeitura atue para que os empregos dos rodovi\u00e1rios sejam mantidos, caso haja de fato a transfer\u00eancia das linhas para outras empresas&#8221;, disse o vereador.<\/p>\n\n\n\n<p><strong>Decis\u00e3o em mar\u00e7o<br><\/strong>Na noite da quinta-feira (22), horas antes do prazo para a transfer\u00eancia das linhas, o desembargador Edson Vasconcelos do Tribunal de Justi\u00e7a do Estado do Rio de Janeiro suspendeu a decis\u00e3o da 4\u00aa Vara C\u00edvel, de forma que os \u00f4nibus da empresa Cascatinha poder\u00e3o continuar circulando normalmente. Por\u00e9m, o assunto voltar\u00e1 a ser debatido no dia cinco de mar\u00e7o, quando o TJ-RJ ir\u00e1 avaliar se manter\u00e1 ou n\u00e3o a decis\u00e3o do juiz Jorge Luiz Martins.<\/p>\n","protected":false},"excerpt":{"rendered":"<p>A novela envolvendo o transporte p\u00fablico na cidade ganhou novos cap\u00edtulos com direito a reviravolta<\/p>\n","protected":false},"author":1,"featured_media":38438,"comment_status":"closed","ping_status":"open","sticky":false,"template":"","format":"standard","meta":{"spay_email":"","footnotes":"","jetpack_publicize_message":""},"categories":[2],"tags":[],"jetpack_featured_media_url":"https:\/\/i2.wp.com\/jornaldeitaipava.com.br\/wp-content\/uploads\/2024\/02\/WhatsApp-Image-2024-02-23-at-12.13.46.jpeg?fit=1600%2C1200","jetpack_publicize_connections":[],"jetpack_sharing_enabled":true,"jetpack_likes_enabled":true,"jetpack-related-posts":[],"_links":{"self":[{"href":"http:\/\/jornaldeitaipava.com.br\/index.php\/wp-json\/wp\/v2\/posts\/38437"}],"collection":[{"href":"http:\/\/jornaldeitaipava.com.br\/index.php\/wp-json\/wp\/v2\/posts"}],"about":[{"href":"http:\/\/jornaldeitaipava.com.br\/index.php\/wp-json\/wp\/v2\/types\/post"}],"author":[{"embeddable":true,"href":"http:\/\/jornaldeitaipava.com.br\/index.php\/wp-json\/wp\/v2\/users\/1"}],"replies":[{"embeddable":true,"href":"http:\/\/jornaldeitaipava.com.br\/index.php\/wp-json\/wp\/v2\/comments?post=38437"}],"version-history":[{"count":1,"href":"http:\/\/jornaldeitaipava.com.br\/index.php\/wp-json\/wp\/v2\/posts\/38437\/revisions"}],"predecessor-version":[{"id":38439,"href":"http:\/\/jornaldeitaipava.com.br\/index.php\/wp-json\/wp\/v2\/posts\/38437\/revisions\/38439"}],"wp:featuredmedia":[{"embeddable":true,"href":"http:\/\/jornaldeitaipava.com.br\/index.php\/wp-json\/wp\/v2\/media\/38438"}],"wp:attachment":[{"href":"http:\/\/jornaldeitaipava.com.br\/index.php\/wp-json\/wp\/v2\/media?parent=38437"}],"wp:term":[{"taxonomy":"category","embeddable":true,"href":"http:\/\/jornaldeitaipava.com.br\/index.php\/wp-json\/wp\/v2\/categories?post=38437"},{"taxonomy":"post_tag","embeddable":true,"href":"http:\/\/jornaldeitaipava.com.br\/index.php\/wp-json\/wp\/v2\/tags?post=38437"}],"curies":[{"name":"wp","href":"https:\/\/api.w.org\/{rel}","templated":true}]}}