{"id":38443,"date":"2024-02-23T16:35:07","date_gmt":"2024-02-23T19:35:07","guid":{"rendered":"http:\/\/jornaldeitaipava.com.br\/?p=38443"},"modified":"2024-02-23T16:35:10","modified_gmt":"2024-02-23T19:35:10","slug":"armacao-dos-buzios-cidade-mais-badalada-do-brasil-anuncia-calendario-de-eventos-de-2024-para-impulsionar-turismo-e-cultura-local","status":"publish","type":"post","link":"http:\/\/jornaldeitaipava.com.br\/index.php\/2024\/02\/23\/armacao-dos-buzios-cidade-mais-badalada-do-brasil-anuncia-calendario-de-eventos-de-2024-para-impulsionar-turismo-e-cultura-local\/","title":{"rendered":"Arma\u00e7\u00e3o dos B\u00fazios cidade mais \u201cBadalada do Brasil\u201d anuncia calend\u00e1rio de eventos de 2024 para impulsionar turismo e cultura local"},"content":{"rendered":"\n<p> A Prefeitura de Arma\u00e7\u00e3o dos B\u00fazios, cidade situada na Regi\u00e3o dos Lagos, revelou na \u00faltima quarta-feira (21) o aguardado calend\u00e1rio de eventos para o ano de 2024. Em uma cerim\u00f4nia realizada no Hotel Atl\u00e2ntico B\u00fazios, o lan\u00e7amento contou com a presen\u00e7a de autoridades locais, organizadores de eventos, imprensa e comunidade. O Prefeito Interino, Rafael Aguiar, liderou a apresenta\u00e7\u00e3o, destacando a import\u00e2ncia do calend\u00e1rio para a dinamiza\u00e7\u00e3o econ\u00f4mica e cultural da regi\u00e3o.<br>O calend\u00e1rio de 2024 promete uma programa\u00e7\u00e3o diversificada, abrangendo eventos culturais, esportivos, tur\u00edsticos e sociais, desenhados para enriquecer a experi\u00eancia de moradores e turistas. A programa\u00e7\u00e3o inicia em mar\u00e7o com a tradicional Via Sacra e o Circuito \u00c1guas Abertas, seguindo-se de uma s\u00e9rie de eventos que incluem desde competi\u00e7\u00f5es esportivas, como o Hero Swimrun e o Motocross, at\u00e9 festivais culturais, como o B\u00fazios Jazz Festival e o Festival Gospel.<br>O ver\u00e3o promete ser agitado com a Festa dos Pescadores e a Festa de Sant\u2019Anna, sem esquecer do B\u00fazios ON, evento que promete trazer novidades tecnol\u00f3gicas e inova\u00e7\u00f5es para os participantes. A programa\u00e7\u00e3o continua no segundo semestre com destaque para o Desgusta, a Semana da Juventude, o B\u00fazios Biker Fest e o Festival da Sardinha, culminando com o encerramento do ano com o Natal Luz e a Cantada de Natal.<br>O Prefeito Rafael Aguiar ressaltou o papel vital do calend\u00e1rio na redu\u00e7\u00e3o da sazonalidade econ\u00f4mica, contribuindo para uma distribui\u00e7\u00e3o mais equilibrada do fluxo tur\u00edstico ao longo do ano.<br>\u201cO calend\u00e1rio de eventos de B\u00fazios \u00e9 uma ferramenta estrat\u00e9gica para o desenvolvimento sustent\u00e1vel do turismo na regi\u00e3o. Atrav\u00e9s dele, buscamos n\u00e3o apenas promover o entretenimento e a cultura, mas tamb\u00e9m fortalecer a economia local, gerando emprego e renda para a popula\u00e7\u00e3o\u201d, afirmou.<br>Al\u00e9m de ser uma vitrine para as belezas naturais e a rica cultura buziana, o calend\u00e1rio \u00e9 uma aposta na atra\u00e7\u00e3o de um p\u00fablico diversificado, incluindo fam\u00edlias, esportistas, amantes da m\u00fasica e da literatura, entre outros. A Prefeitura de B\u00fazios, em colabora\u00e7\u00e3o com parceiros locais e patrocinadores, espera que o calend\u00e1rio de eventos de 2024 seja um marco na promo\u00e7\u00e3o do turismo sustent\u00e1vel e na valoriza\u00e7\u00e3o das tradi\u00e7\u00f5es locais.<br>O lan\u00e7amento do calend\u00e1rio foi tamb\u00e9m uma oportunidade para a imprensa e os participantes conhecerem mais detalhes sobre cada evento, incluindo oportunidades de cobertura jornal\u00edstica e entrevistas exclusivas com os organizadores. Com a divulga\u00e7\u00e3o do calend\u00e1rio, Arma\u00e7\u00e3o dos B\u00fazios se posiciona mais uma vez como um dos destinos tur\u00edsticos mais vibrantes e acolhedores do Brasil, pronto para receber visitantes de todas as partes com uma agenda cheia de atra\u00e7\u00f5es durante todo o ano.<\/p>\n\n\n\n<p>Agenda de Atividades 2024 \u2013 Arma\u00e7\u00e3o dos B\u00fazios<\/p>\n\n\n\n<p>Mar\u00e7o:<br>29: Encena\u00e7\u00e3o da Via Sacra<br>29 e 30: Competi\u00e7\u00e3o de Nata\u00e7\u00e3o em \u00c1guas Abertas<br>Abril:<\/p>\n\n\n\n<p>13: Competi\u00e7\u00e3o Hero Swimrun<br>27 e 28: Evento de Motocross<br>De 25 a 27: Festival Xterra<br>Maio:<\/p>\n\n\n\n<p>De 03 a 11: Festival de Jazz de B\u00fazios<br>17 e 18: Campeonato de Remo na Praia<br>Junho:<\/p>\n\n\n\n<p>06 e 07: 9\u00aa Edi\u00e7\u00e3o do Prime B\u00fazios<br>De 07 a 09: Festival Gospel<br>De 21 a 23: Festival de Blues nas Ruas<br>29 e 30: Celebra\u00e7\u00e3o da Festa dos Pescadores<br>Julho:<\/p>\n\n\n\n<p>25 e 26: Festa de Sant\u2019Anna<br>De 28 a 30: Evento B\u00fazios ON<br>Agosto:<\/p>\n\n\n\n<p>De 02 a 10: Festival Gastron\u00f4mico Desgusta<br>De 16 a 18: Semana da Juventude<br>De 22 a 25: B\u00fazios Biker Fest<br>Setembro:<\/p>\n\n\n\n<p>De 13 a 15: Festival da Sardinha<br>De 17 a 19: Evento Arma\u00e7\u00e3o Liter\u00e1ria<br>Outubro:<\/p>\n\n\n\n<p>De 11 a 13: Festival de M\u00fasica Popular Brasileira (MPB\u00daZIOS)<br>19: Corrida XC RUN<br>Novembro:<\/p>\n\n\n\n<p>De 09 a 12: Comemora\u00e7\u00e3o da Festa da Cidade<br>17: Corrida Correndo pelo Rio Etapa B\u00fazios<br>20: Dia da Consci\u00eancia Negra<br>29 e 30: Encontro de Cultura Popular Buziana<br>Dezembro:<\/p>\n\n\n\n<p>De 01 a 31: Natal Luz<br>06 e 07: Cantada de Natal<\/p>\n\n\n\n<p>Fonte: Portal RLagos Not\u00edcias<\/p>\n","protected":false},"excerpt":{"rendered":"<p>A Prefeitura de Arma\u00e7\u00e3o dos B\u00fazios, cidade situada na Regi\u00e3o dos Lagos, revelou na \u00faltima<\/p>\n","protected":false},"author":1,"featured_media":32698,"comment_status":"closed","ping_status":"open","sticky":false,"template":"","format":"standard","meta":{"spay_email":"","footnotes":"","jetpack_publicize_message":""},"categories":[42],"tags":[],"jetpack_featured_media_url":"https:\/\/i2.wp.com\/jornaldeitaipava.com.br\/wp-content\/uploads\/2022\/12\/PRAIA-BUZIOS.png?fit=946%2C536","jetpack_publicize_connections":[],"jetpack_sharing_enabled":true,"jetpack_likes_enabled":true,"jetpack-related-posts":[],"_links":{"self":[{"href":"http:\/\/jornaldeitaipava.com.br\/index.php\/wp-json\/wp\/v2\/posts\/38443"}],"collection":[{"href":"http:\/\/jornaldeitaipava.com.br\/index.php\/wp-json\/wp\/v2\/posts"}],"about":[{"href":"http:\/\/jornaldeitaipava.com.br\/index.php\/wp-json\/wp\/v2\/types\/post"}],"author":[{"embeddable":true,"href":"http:\/\/jornaldeitaipava.com.br\/index.php\/wp-json\/wp\/v2\/users\/1"}],"replies":[{"embeddable":true,"href":"http:\/\/jornaldeitaipava.com.br\/index.php\/wp-json\/wp\/v2\/comments?post=38443"}],"version-history":[{"count":1,"href":"http:\/\/jornaldeitaipava.com.br\/index.php\/wp-json\/wp\/v2\/posts\/38443\/revisions"}],"predecessor-version":[{"id":38444,"href":"http:\/\/jornaldeitaipava.com.br\/index.php\/wp-json\/wp\/v2\/posts\/38443\/revisions\/38444"}],"wp:featuredmedia":[{"embeddable":true,"href":"http:\/\/jornaldeitaipava.com.br\/index.php\/wp-json\/wp\/v2\/media\/32698"}],"wp:attachment":[{"href":"http:\/\/jornaldeitaipava.com.br\/index.php\/wp-json\/wp\/v2\/media?parent=38443"}],"wp:term":[{"taxonomy":"category","embeddable":true,"href":"http:\/\/jornaldeitaipava.com.br\/index.php\/wp-json\/wp\/v2\/categories?post=38443"},{"taxonomy":"post_tag","embeddable":true,"href":"http:\/\/jornaldeitaipava.com.br\/index.php\/wp-json\/wp\/v2\/tags?post=38443"}],"curies":[{"name":"wp","href":"https:\/\/api.w.org\/{rel}","templated":true}]}}