{"id":38454,"date":"2024-02-27T09:43:10","date_gmt":"2024-02-27T12:43:10","guid":{"rendered":"http:\/\/jornaldeitaipava.com.br\/?p=38454"},"modified":"2024-02-27T09:43:13","modified_gmt":"2024-02-27T12:43:13","slug":"projeto-oferece-curso-gratuito-sobre-acessibilidade-e-inclusao-de-pessoas-com-deficiencia","status":"publish","type":"post","link":"http:\/\/jornaldeitaipava.com.br\/index.php\/2024\/02\/27\/projeto-oferece-curso-gratuito-sobre-acessibilidade-e-inclusao-de-pessoas-com-deficiencia\/","title":{"rendered":"Projeto oferece curso gratuito sobre acessibilidade e inclus\u00e3o de pessoas com defici\u00eancia"},"content":{"rendered":"\n<p>Nos dias 28 e 29 de fevereiro e 01 de mar\u00e7o de 2024, das 19h \u00e0s 21h, o Projeto Casa Brasileira de Palha\u00e7os &#8211; Edi\u00e7\u00e3o Palha\u00e7o Exc\u00eantrico Musical Petr\u00f3polis vai realizar curso online gratuito sobre acessibilidade e inclus\u00e3o de pessoas neurodivergentes, sob a orienta\u00e7\u00e3o de Cris Mu\u00f1oz. As inscri\u00e7\u00f5es podem ser realizadas por meio do e-mail circodorio@gmail.com.<br>O objetivo do curso \u00e9 proporcionar conhecimento sobre o funcionamento autista, trazendo luz quanto \u00e0 acessibilidade sensorial e cultural para o p\u00fablico neurodivergente, mostrando que \u00e9 poss\u00edvel desenvolver a\u00e7\u00f5es concretas de acolhimento e respeito \u00e0 neurodiversidade, assim como de acessibilidade no espa\u00e7o cultural ou evento segundo as demandas espec\u00edficas deste p\u00fablico.<br>Outro foco do curso \u00e9 difundir o que representa a pr\u00e1tica do trabalho dentro do conceito de acessibiliza\u00e7\u00e3o nas mais diferentes linguagens: Teatro, dan\u00e7a, exposi\u00e7\u00e3o, show\/concerto, dentre outros. O termo acessibiliza\u00e7\u00e3o visa expressar que, al\u00e9m de leis, cotas, e adapta\u00e7\u00f5es f\u00edsicas para garantir a acessibilidade, \u00e9 necess\u00e1rio tamb\u00e9m sensibilizar a sociedade para a causa da pessoa com defici\u00eancia.<br>Para Cris Mu\u00f1oz, especialista em acessibilidade sensorial e tamb\u00e9m pessoa autista, \u00e9 importante compreender a acessibilidade n\u00e3o apenas como inclus\u00e3o do espectador. \u201cConsidera-se a dimens\u00e3o paradigm\u00e1tica de acessibilidade que compreende como a\u00e7\u00e3o inclusiva a contrata\u00e7\u00e3o de pessoas com defici\u00eancia, para al\u00e9m de t\u00ea-las apenas como p\u00fablico ou passivas nos processos do fazer cultural, pol\u00edtico e social. Dentro do movimento da Neurodiversidade diz-se: \u2018Nada sobre N\u00f3s sem N\u00f3s\u2019\u201d, aponta.<br>De acordo com a produtora do projeto, Lilian Moraes, de in\u00edcio, esse curso seria destinado somente \u00e0 equipe art\u00edstica e t\u00e9cnica da Casa Brasileira de Palha\u00e7os &#8211; Edi\u00e7\u00e3o Palha\u00e7o Exc\u00eantrico Musical. \u201cDecidimos ampliar e facilitar o acesso de todas as pessoas interessadas no tema do curso, abrindo vagas ilimitadas, porque sabemos a import\u00e2ncia de dialogar sobre acessibilidade e inclus\u00e3o\u201d, explica.<br>Cris Mu\u00f1oz &#8211; Atriz, palha\u00e7a, educadora, diretora teatral, palestrante e assessora de acessibilidade e inclus\u00e3o. Faz PhD em Artes C\u00eanicas pela UNIRIO, por meio da FAPERJ (modalidade bolsa P\u00f3s-Doutorado Nota 10). Doutora, mestra e bacharel em Artes C\u00eanicas pela UNIRIO. P\u00f3s-gradua\u00e7\u00e3o em Educa\u00e7\u00e3o pela Universidade Veiga de Almeida\/Instituto A Vez do Mestre. Forma\u00e7\u00e3o em Direitos Humanos com \u00eanfase em Direitos Culturais da Pessoa com Defici\u00eancia pela Secretaria de Desenvolvimento Social de Minas Gerais. Foi professora concursada do munic\u00edpio do Rio de Janeiro e da Escola T\u00e9cnica de Teatro Martins Penna. Atualmente integra equipe de PSFB (Palha\u00e7os Sem Fronteiras Brasil), IIAN (Internacional Inclusive Arts Network) e \u00e9 professora do IIP ( Instituto Internacional de Psican\u00e1lise).<\/p>\n\n\n\n<p>SERVI\u00c7O:<br>Curso online sobre acessibilidade e inclus\u00e3o de pessoas neurodivergentes<br>Com Cris Mu\u00f1oz<br>Dias: 28 e 29 de fevereiro e 01 de mar\u00e7o de 2024<br>Hor\u00e1rio: 19 \u00e0s 21 horas<br>Local: Google Meet<br>Inscri\u00e7\u00f5es atrav\u00e9s do e-mail circodorio@gmail.com<br>GRATUITO<\/p>\n","protected":false},"excerpt":{"rendered":"<p>Nos dias 28 e 29 de fevereiro e 01 de mar\u00e7o de 2024, das 19h<\/p>\n","protected":false},"author":1,"featured_media":38455,"comment_status":"closed","ping_status":"open","sticky":false,"template":"","format":"standard","meta":{"spay_email":"","footnotes":"","jetpack_publicize_message":""},"categories":[1],"tags":[],"jetpack_featured_media_url":"https:\/\/i1.wp.com\/jornaldeitaipava.com.br\/wp-content\/uploads\/2024\/02\/WhatsApp-Image-2024-02-27-at-07.43.53.jpeg?fit=1280%2C853","jetpack_publicize_connections":[],"jetpack_sharing_enabled":true,"jetpack_likes_enabled":true,"jetpack-related-posts":[],"_links":{"self":[{"href":"http:\/\/jornaldeitaipava.com.br\/index.php\/wp-json\/wp\/v2\/posts\/38454"}],"collection":[{"href":"http:\/\/jornaldeitaipava.com.br\/index.php\/wp-json\/wp\/v2\/posts"}],"about":[{"href":"http:\/\/jornaldeitaipava.com.br\/index.php\/wp-json\/wp\/v2\/types\/post"}],"author":[{"embeddable":true,"href":"http:\/\/jornaldeitaipava.com.br\/index.php\/wp-json\/wp\/v2\/users\/1"}],"replies":[{"embeddable":true,"href":"http:\/\/jornaldeitaipava.com.br\/index.php\/wp-json\/wp\/v2\/comments?post=38454"}],"version-history":[{"count":1,"href":"http:\/\/jornaldeitaipava.com.br\/index.php\/wp-json\/wp\/v2\/posts\/38454\/revisions"}],"predecessor-version":[{"id":38456,"href":"http:\/\/jornaldeitaipava.com.br\/index.php\/wp-json\/wp\/v2\/posts\/38454\/revisions\/38456"}],"wp:featuredmedia":[{"embeddable":true,"href":"http:\/\/jornaldeitaipava.com.br\/index.php\/wp-json\/wp\/v2\/media\/38455"}],"wp:attachment":[{"href":"http:\/\/jornaldeitaipava.com.br\/index.php\/wp-json\/wp\/v2\/media?parent=38454"}],"wp:term":[{"taxonomy":"category","embeddable":true,"href":"http:\/\/jornaldeitaipava.com.br\/index.php\/wp-json\/wp\/v2\/categories?post=38454"},{"taxonomy":"post_tag","embeddable":true,"href":"http:\/\/jornaldeitaipava.com.br\/index.php\/wp-json\/wp\/v2\/tags?post=38454"}],"curies":[{"name":"wp","href":"https:\/\/api.w.org\/{rel}","templated":true}]}}