{"id":38459,"date":"2024-02-27T09:49:36","date_gmt":"2024-02-27T12:49:36","guid":{"rendered":"http:\/\/jornaldeitaipava.com.br\/?p=38459"},"modified":"2024-02-27T09:49:38","modified_gmt":"2024-02-27T12:49:38","slug":"inscricoes-abertas-para-o-conexao-esporte-caxambu","status":"publish","type":"post","link":"http:\/\/jornaldeitaipava.com.br\/index.php\/2024\/02\/27\/inscricoes-abertas-para-o-conexao-esporte-caxambu\/","title":{"rendered":"Inscri\u00e7\u00f5es abertas para o Conex\u00e3o Esporte Caxambu"},"content":{"rendered":"\n<p>A Prefeitura inaugurou no \u00faltimo s\u00e1bado (24) o Conex\u00e3o Esporte no Caxambu. O programa oferecer\u00e1 aulas gratuitas de segunda \u00e0 s\u00e1bado no Centro de Inicia\u00e7\u00e3o ao Esporte (CIE), para crian\u00e7as e adolescentes de 6 a 18 anos. As inscri\u00e7\u00f5es come\u00e7aram nesta segunda (26), e os interessados podem inscrever-se no local, levando documento de identidade ou certid\u00e3o de nascimento, nos hor\u00e1rios das respectivas atividades (informa\u00e7\u00f5es abaixo).\u00a0<br>Entre as atividades oferecidas est\u00e3o:futsal, voleibol, basquete, t\u00eanis de mesa e jiu-jitsu. \u201cO projeto vai nos permitir integrar diversas escolas da rede municipal neste espa\u00e7o, e assim fortalecer nossa rede como um todo. Com certeza podemos afirmar que s\u00e3o poucos os munic\u00edpios que oferecem \u00e0 popula\u00e7\u00e3o um espa\u00e7o p\u00fablico como este, e desta forma, estamos cumprindo um papel social e educacional que possa fazer diferen\u00e7a na vida das nossas crian\u00e7as\u201d, destacou\u00a0 o prefeito Rubens Bomtempo na cerim\u00f4nia de inaugura\u00e7\u00e3o, ao explicar que as modalidades poder\u00e3o ser ampliadas conforme a demanda da comunidade.\u00a0<br>A a\u00e7\u00e3o \u00e9 uma realiza\u00e7\u00e3o da Prefeitura, por meio das secretarias de Educa\u00e7\u00e3o e Esportes. \u201cAl\u00e9m das atividades oferecidas para as crian\u00e7as e adolescentes no per\u00edodo diurno, o espa\u00e7o estar\u00e1 aberto at\u00e9 \u00e0s 22h para utiliza\u00e7\u00e3o da comunidade. As m\u00e3es tamb\u00e9m poder\u00e3o inscrever-se nas aulas de zumba\u201d, explicou o secret\u00e1rio de Esportes, Thiago Fran\u00e7a.\u00a0<br>O Conex\u00e3o Esportes tem como objetivo promover a pr\u00e1tica esportiva e estimular valores como trabalho em equipe e respeito m\u00fatuo. \u201cDesenvolvemos este trabalho junto \u00e0 secretaria de Esportes e\u00a0 percebemos atrav\u00e9s dos Jogos Estudantis a necessidade de promover\u00a0 inicia\u00e7\u00e3o esportiva \u00e0s nossas crian\u00e7as e adolescentes,\u00a0 e o Conex\u00e3o tem justamente este objetivo\u201d, disse a secret\u00e1ria de Educa\u00e7\u00e3o, Adriana de Paula.\u00a0<br>Confira abaixo os hor\u00e1rios das atividades:<\/p>\n\n\n\n<p>Segunda &#8211; feira &nbsp;<br>14h &#8211; Basquete<br>15h &#8211; T\u00eanis de Mesa<br>19h &#8211; Zumba<\/p>\n\n\n\n<p>Ter\u00e7a &#8211; feira<br>13h \u00e0s 16h &#8211; Futsal<br>9h &#8211; Gin\u00e1stica<br>10h &#8211; Alongamento<\/p>\n\n\n\n<p>Quarta &#8211; feira<br>&nbsp;9 \u00e0s 12h &#8211; Jiu jitsu<br>14h &#8211; Basquete<br>15h &#8211; T\u00eanis de Mesa<\/p>\n\n\n\n<p>*Quinta &#8211; feira *<br>8h \u00e0s 11h &#8211; Inicia\u00e7\u00e3o ao esporte<br>9h- Gin\u00e1stica<br>10h &#8211; Alongamento<\/p>\n\n\n\n<p>Sexta- feira&nbsp;<br>13h \u00e0s 17h &#8211; V\u00f4lei<\/p>\n\n\n\n<p>S\u00e1bado<br>9h \u00e0s 12h &#8211; Jiu jitsu<\/p>\n","protected":false},"excerpt":{"rendered":"<p>A Prefeitura inaugurou no \u00faltimo s\u00e1bado (24) o Conex\u00e3o Esporte no Caxambu. O programa oferecer\u00e1<\/p>\n","protected":false},"author":1,"featured_media":38460,"comment_status":"closed","ping_status":"open","sticky":false,"template":"","format":"standard","meta":{"spay_email":"","footnotes":"","jetpack_publicize_message":""},"categories":[9],"tags":[],"jetpack_featured_media_url":"https:\/\/i1.wp.com\/jornaldeitaipava.com.br\/wp-content\/uploads\/2024\/02\/WhatsApp-Image-2024-02-26-at-19.35.00.jpeg?fit=1599%2C1066","jetpack_publicize_connections":[],"jetpack_sharing_enabled":true,"jetpack_likes_enabled":true,"jetpack-related-posts":[],"_links":{"self":[{"href":"http:\/\/jornaldeitaipava.com.br\/index.php\/wp-json\/wp\/v2\/posts\/38459"}],"collection":[{"href":"http:\/\/jornaldeitaipava.com.br\/index.php\/wp-json\/wp\/v2\/posts"}],"about":[{"href":"http:\/\/jornaldeitaipava.com.br\/index.php\/wp-json\/wp\/v2\/types\/post"}],"author":[{"embeddable":true,"href":"http:\/\/jornaldeitaipava.com.br\/index.php\/wp-json\/wp\/v2\/users\/1"}],"replies":[{"embeddable":true,"href":"http:\/\/jornaldeitaipava.com.br\/index.php\/wp-json\/wp\/v2\/comments?post=38459"}],"version-history":[{"count":1,"href":"http:\/\/jornaldeitaipava.com.br\/index.php\/wp-json\/wp\/v2\/posts\/38459\/revisions"}],"predecessor-version":[{"id":38461,"href":"http:\/\/jornaldeitaipava.com.br\/index.php\/wp-json\/wp\/v2\/posts\/38459\/revisions\/38461"}],"wp:featuredmedia":[{"embeddable":true,"href":"http:\/\/jornaldeitaipava.com.br\/index.php\/wp-json\/wp\/v2\/media\/38460"}],"wp:attachment":[{"href":"http:\/\/jornaldeitaipava.com.br\/index.php\/wp-json\/wp\/v2\/media?parent=38459"}],"wp:term":[{"taxonomy":"category","embeddable":true,"href":"http:\/\/jornaldeitaipava.com.br\/index.php\/wp-json\/wp\/v2\/categories?post=38459"},{"taxonomy":"post_tag","embeddable":true,"href":"http:\/\/jornaldeitaipava.com.br\/index.php\/wp-json\/wp\/v2\/tags?post=38459"}],"curies":[{"name":"wp","href":"https:\/\/api.w.org\/{rel}","templated":true}]}}