{"id":38466,"date":"2024-02-27T09:56:20","date_gmt":"2024-02-27T12:56:20","guid":{"rendered":"http:\/\/jornaldeitaipava.com.br\/?p=38466"},"modified":"2024-02-27T09:56:22","modified_gmt":"2024-02-27T12:56:22","slug":"liquida-tudo-vilarejo-tera-descontos-de-ate-80-e-muita-programacao-de-musica-e-gastronomia-2","status":"publish","type":"post","link":"http:\/\/jornaldeitaipava.com.br\/index.php\/2024\/02\/27\/liquida-tudo-vilarejo-tera-descontos-de-ate-80-e-muita-programacao-de-musica-e-gastronomia-2\/","title":{"rendered":"\u2018Liquida Tudo Vilarejo\u2019 ter\u00e1 descontos de at\u00e9 80% e muita programa\u00e7\u00e3o de m\u00fasica e gastronomia"},"content":{"rendered":"\n<p class=\"has-text-align-center\"><strong>Promo\u00e7\u00e3o come\u00e7a nesta ter\u00e7a (27) e segue at\u00e9 10 de mar\u00e7o<\/strong><\/p>\n\n\n\n<p><br>O Carnaval chegou ao fim, mas o per\u00edodo continua sendo de alegria para os consumidores. O p\u00f3s folia \u00e9 a \u00e9poca em que o com\u00e9rcio oferece descontos progressivos e muito atrativos aos clientes. E o Shopping Vilarejo, em Itaipava, marcar o per\u00edodo com uma super campanha: a \u2018Liquida Tudo Vilarejo\u2019, entre os dias 27 de fevereiro e 10 de mar\u00e7o. S\u00e3o duas semanas para aproveitar os melhores descontos nas lojas, servi\u00e7os e restaurantes do Vilarejo. O complexo comercial, gastron\u00f4mico e de servi\u00e7os, com 70 estabelecimentos, preparou um per\u00edodo especial. As lojas de roupas, acess\u00f3rios, cal\u00e7ados e utilidades, estar\u00e3o com promo\u00e7\u00f5es imperd\u00edveis, com descontos de at\u00e9 80% para o p\u00fablico encher as sacolas. J\u00e1 os restaurantes, ter\u00e3o pratos especiais para o \u2018Liquida Tudo\u2019, com sabores e pre\u00e7os que atendem e agradam a todos os gostos. Os servi\u00e7os presentes no Vilarejo tamb\u00e9m estar\u00e3o com descontos imperd\u00edveis durante o per\u00edodo.<br>\u201cEste per\u00edodo p\u00f3s carnaval \u00e9 uma \u00f3tima oportunidade para quem deseja comprar com bons pre\u00e7os, pois \u00e9 quando as lojas fazem a transi\u00e7\u00e3o de cole\u00e7\u00f5es, pr\u00f3ximo \u00e0 mudan\u00e7a de esta\u00e7\u00e3o, com os \u00faltimos dias de ver\u00e3o e a chegada do outono. A estrat\u00e9gia em \u00e9poca de renova\u00e7\u00e3o do estoque se torna uma \u00f3tima oportunidade para os clientes. Mas, pensamos tamb\u00e9m em oferecer um ambiente bem bacana e acolhedor: as lojas v\u00e3o encher os olhos dos clientes com seus pre\u00e7os irresist\u00edveis, mas a gastronomia ter\u00e1 tamb\u00e9m pratos e pre\u00e7os especiais e o setor de servi\u00e7os tamb\u00e9m. A campanha envolve todos os segmentos e se torna ainda mais completa\u201d, afirma o administrador do Vilarejo, Tiago Corr\u00eaa.<br>Todo o per\u00edodo da campanha \u00e9 atraente, mas o \u00faltimo final de semana, ser\u00e1 ainda mais sedutor: entre os dias 8, 9 e 10 de mar\u00e7o, vai acontecer o \u2018Liquida OUT\u2019. Nestes dias, todas as lojas v\u00e3o se reunir no cora\u00e7\u00e3o do Vilarejo expondo as araras e cestas de produtos na Pra\u00e7a do Sol, a mais charmosa de Itaipava. O ambiente instagram\u00e1vel ainda vai reunir moda, gastronomia e muita m\u00fasica. A programa\u00e7\u00e3o tamb\u00e9m vai contar com degusta\u00e7\u00e3o de espumantes, vinhos brancos e muitas guloseimas dos lojistas de gastronomia do espa\u00e7o.<br>Para o administrador do Shopping Vilarejo, Tiago Corr\u00eaa, o \u2018Liquida Tudo\u2019 ser\u00e1 uma oportunidade imperd\u00edvel para visitar o melhor centro comercial de Itaipava. \u201cO Vilarejo j\u00e1 tem esse espa\u00e7o aconchegante, que atrai tantos visitantes. A campanha do \u2018Liquida Tudo\u2019 vai ser a melhor oportunidade para quem j\u00e1 veio, voltar, e para quem ainda n\u00e3o conhece o Vilarejo, se apaixonar. As nossas diversas op\u00e7\u00f5es de lojas, restaurantes e servi\u00e7os se complementam, se tornando uma experi\u00eancia imperd\u00edvel\u201d, disse.<\/p>\n\n\n\n<p><strong>Servi\u00e7o:<br><\/strong>Liquida Tudo Vilarejo<br>Data: de 27\/02 at\u00e9 10\/03<br>Hor\u00e1rio: Ter\u00e7a a s\u00e1bado, das 10h \u00e0s 19h | Domingo, das 10h \u00e0s 18h<br>Gastronomia (bares e seguem abertos \u00e0 noite em hor\u00e1rios diferenciados)<\/p>\n\n\n\n<p><strong>Liquida OUT<br><\/strong>Data: 08, 09 e 10\/03<br>Hor\u00e1rio: Sexta e s\u00e1bado, das 10h \u00e0s 19h | Domingo, das 10h \u00e0s 18h<br>M\u00fasica, Gastronomia, Moda, Utilidades<br>Gastronomia (bares e seguem abertos \u00e0 noite em hor\u00e1rios diferenciados)<br>Programa\u00e7\u00e3o e informa\u00e7\u00f5es no Instagram do Vilarejo em @shoppingvilarejo<\/p>\n","protected":false},"excerpt":{"rendered":"<p>Promo\u00e7\u00e3o come\u00e7a nesta ter\u00e7a (27) e segue at\u00e9 10 de mar\u00e7o O Carnaval chegou ao<\/p>\n","protected":false},"author":1,"featured_media":38467,"comment_status":"closed","ping_status":"open","sticky":false,"template":"","format":"standard","meta":{"spay_email":"","footnotes":"","jetpack_publicize_message":""},"categories":[42],"tags":[],"jetpack_featured_media_url":"https:\/\/i1.wp.com\/jornaldeitaipava.com.br\/wp-content\/uploads\/2024\/02\/Shopping-Vilarejo-1.jpeg?fit=1280%2C960","jetpack_publicize_connections":[],"jetpack_sharing_enabled":true,"jetpack_likes_enabled":true,"jetpack-related-posts":[],"_links":{"self":[{"href":"http:\/\/jornaldeitaipava.com.br\/index.php\/wp-json\/wp\/v2\/posts\/38466"}],"collection":[{"href":"http:\/\/jornaldeitaipava.com.br\/index.php\/wp-json\/wp\/v2\/posts"}],"about":[{"href":"http:\/\/jornaldeitaipava.com.br\/index.php\/wp-json\/wp\/v2\/types\/post"}],"author":[{"embeddable":true,"href":"http:\/\/jornaldeitaipava.com.br\/index.php\/wp-json\/wp\/v2\/users\/1"}],"replies":[{"embeddable":true,"href":"http:\/\/jornaldeitaipava.com.br\/index.php\/wp-json\/wp\/v2\/comments?post=38466"}],"version-history":[{"count":1,"href":"http:\/\/jornaldeitaipava.com.br\/index.php\/wp-json\/wp\/v2\/posts\/38466\/revisions"}],"predecessor-version":[{"id":38468,"href":"http:\/\/jornaldeitaipava.com.br\/index.php\/wp-json\/wp\/v2\/posts\/38466\/revisions\/38468"}],"wp:featuredmedia":[{"embeddable":true,"href":"http:\/\/jornaldeitaipava.com.br\/index.php\/wp-json\/wp\/v2\/media\/38467"}],"wp:attachment":[{"href":"http:\/\/jornaldeitaipava.com.br\/index.php\/wp-json\/wp\/v2\/media?parent=38466"}],"wp:term":[{"taxonomy":"category","embeddable":true,"href":"http:\/\/jornaldeitaipava.com.br\/index.php\/wp-json\/wp\/v2\/categories?post=38466"},{"taxonomy":"post_tag","embeddable":true,"href":"http:\/\/jornaldeitaipava.com.br\/index.php\/wp-json\/wp\/v2\/tags?post=38466"}],"curies":[{"name":"wp","href":"https:\/\/api.w.org\/{rel}","templated":true}]}}