{"id":38482,"date":"2024-02-27T10:13:37","date_gmt":"2024-02-27T13:13:37","guid":{"rendered":"http:\/\/jornaldeitaipava.com.br\/?p=38482"},"modified":"2024-02-27T10:13:39","modified_gmt":"2024-02-27T13:13:39","slug":"dengue-tres-rios-segue-em-estado-de-atencao-com-641-casos-confirmados","status":"publish","type":"post","link":"http:\/\/jornaldeitaipava.com.br\/index.php\/2024\/02\/27\/dengue-tres-rios-segue-em-estado-de-atencao-com-641-casos-confirmados\/","title":{"rendered":"Dengue: Tr\u00eas Rios segue em estado de aten\u00e7\u00e3o com 641 casos confirmados"},"content":{"rendered":"\n<p>Nesta quarta-feira, dia 21, a subsecret\u00e1ria de Sa\u00fade de Tr\u00eas Rios, Claudilene Pereira, esteve reunido com gestores da sa\u00fade para falar sobre as pr\u00f3ximas medidas de combate ao mosquito transmissor da dengue, o Aedes aegypti.<br>Embora o Governo do Estado do Rio de Janeiro tenha decretado estado de epidemia nesta quarta-feira, o munic\u00edpio trirriense segue no estado de aten\u00e7\u00e3o e as a\u00e7\u00f5es continuam atrav\u00e9s das visitas domiciliares com os Agentes End\u00eamicos em busca de focos do mosquito, conscientiza\u00e7\u00e3o aos moradores e, ir\u00e3o retornar com o carro fumac\u00ea, na pr\u00f3xima semana.<br>De acordo com o coordenador de Vigil\u00e2ncia Ambiental, Saulo Paschoaletto, o carro fumac\u00ea vai percorrer os bairros com mais n\u00fameros de casos registrados no \u00faltimo levantamento epidemiol\u00f3gico, como Vila Isabel, Centro, Cantagalo, Santa Terezinha e Bemposta.<br>A Unidade de Pronto Atendimento (UPA segue com a Central de Hidrata\u00e7\u00e3o e aumentou o n\u00famero de profissionais \u2013 um m\u00e9dico e 13 t\u00e9cnicos em enfermagem. No momento, h\u00e1 interna\u00e7\u00e3o por causa da dengue, e o munic\u00edpio n\u00e3o registrou nenhum \u00f3bito pela doen\u00e7a, nem na UPA Tr\u00eas Rios, nem no Hospital de Cl\u00ednicas Nossa Senhora da Concei\u00e7\u00e3o.<br>At\u00e9 o \u00faltimo domingo, dia 18, o munic\u00edpio registrou 641 casos confirmados de dengue.<br>Al\u00e9m da gest\u00e3o da Secretaria de Sa\u00fade, estiveram presentes na reuni\u00e3o as Vigil\u00e2ncias Epidemiologia e a Ambiental, representantes da UPA, HCNSC, Comamtri (Conselho Municipal das Associa\u00e7\u00f5es de Moradores de Tr\u00eas Rios), Aten\u00e7\u00e3o B\u00e1sica e Secretaria de Comunica\u00e7\u00e3o.<\/p>\n","protected":false},"excerpt":{"rendered":"<p>Nesta quarta-feira, dia 21, a subsecret\u00e1ria de Sa\u00fade de Tr\u00eas Rios, Claudilene Pereira, esteve reunido<\/p>\n","protected":false},"author":1,"featured_media":38483,"comment_status":"closed","ping_status":"open","sticky":false,"template":"","format":"standard","meta":{"spay_email":"","footnotes":"","jetpack_publicize_message":""},"categories":[5],"tags":[],"jetpack_featured_media_url":"https:\/\/i0.wp.com\/jornaldeitaipava.com.br\/wp-content\/uploads\/2024\/02\/Reuniao-dengue-atencao-21.02-1024x771-1.jpeg?fit=1024%2C771","jetpack_publicize_connections":[],"jetpack_sharing_enabled":true,"jetpack_likes_enabled":true,"jetpack-related-posts":[],"_links":{"self":[{"href":"http:\/\/jornaldeitaipava.com.br\/index.php\/wp-json\/wp\/v2\/posts\/38482"}],"collection":[{"href":"http:\/\/jornaldeitaipava.com.br\/index.php\/wp-json\/wp\/v2\/posts"}],"about":[{"href":"http:\/\/jornaldeitaipava.com.br\/index.php\/wp-json\/wp\/v2\/types\/post"}],"author":[{"embeddable":true,"href":"http:\/\/jornaldeitaipava.com.br\/index.php\/wp-json\/wp\/v2\/users\/1"}],"replies":[{"embeddable":true,"href":"http:\/\/jornaldeitaipava.com.br\/index.php\/wp-json\/wp\/v2\/comments?post=38482"}],"version-history":[{"count":1,"href":"http:\/\/jornaldeitaipava.com.br\/index.php\/wp-json\/wp\/v2\/posts\/38482\/revisions"}],"predecessor-version":[{"id":38484,"href":"http:\/\/jornaldeitaipava.com.br\/index.php\/wp-json\/wp\/v2\/posts\/38482\/revisions\/38484"}],"wp:featuredmedia":[{"embeddable":true,"href":"http:\/\/jornaldeitaipava.com.br\/index.php\/wp-json\/wp\/v2\/media\/38483"}],"wp:attachment":[{"href":"http:\/\/jornaldeitaipava.com.br\/index.php\/wp-json\/wp\/v2\/media?parent=38482"}],"wp:term":[{"taxonomy":"category","embeddable":true,"href":"http:\/\/jornaldeitaipava.com.br\/index.php\/wp-json\/wp\/v2\/categories?post=38482"},{"taxonomy":"post_tag","embeddable":true,"href":"http:\/\/jornaldeitaipava.com.br\/index.php\/wp-json\/wp\/v2\/tags?post=38482"}],"curies":[{"name":"wp","href":"https:\/\/api.w.org\/{rel}","templated":true}]}}