{"id":38488,"date":"2024-02-27T19:10:06","date_gmt":"2024-02-27T22:10:06","guid":{"rendered":"http:\/\/jornaldeitaipava.com.br\/?p=38488"},"modified":"2024-02-27T19:10:09","modified_gmt":"2024-02-27T22:10:09","slug":"turismo-eventos-e-comercio-articulam-maior-participacao-na-organizacao-da-bauernfest-e-natal-imperial","status":"publish","type":"post","link":"http:\/\/jornaldeitaipava.com.br\/index.php\/2024\/02\/27\/turismo-eventos-e-comercio-articulam-maior-participacao-na-organizacao-da-bauernfest-e-natal-imperial\/","title":{"rendered":"Turismo, eventos e com\u00e9rcio articulam maior participa\u00e7\u00e3o na organiza\u00e7\u00e3o da Bauernfest e Natal Imperial"},"content":{"rendered":"\n<p>Entidades representativas de segmentos do turismo, com\u00e9rcio e eventos se reuniram nesta ter\u00e7a-feira (27) e aprovaram uma pauta em conjunto: a cria\u00e7\u00e3o de uma comiss\u00e3o permanente de institui\u00e7\u00f5es empresariais para an\u00e1lise e acompanhamento dos maiores eventos da cidade, em particular a Bauernfest e Natal Imperial. Esta reivindica\u00e7\u00e3o vai ser formalizada junto \u00e0 prefeitura em um encontro a ser agendado com a proposta de reuni\u00f5es peri\u00f3dicas de representantes das entidades em um comit\u00ea que acompanhe regularmente as equipes do poder p\u00fablico desde o planejamento e as v\u00e1rias fases de execu\u00e7\u00e3o dos eventos. A meta \u00e9 que as atra\u00e7\u00f5es sejam realizadas obedecendo cronograma e garantindo que a programa\u00e7\u00e3o seja divulgada com anteced\u00eancia e, assim, impulsionando o turismo e os segmentos econ\u00f4micos.<br>A reuni\u00e3o, no audit\u00f3rio da CDL, teve a participa\u00e7\u00e3o de entidades como o Petr\u00f3polis Convention &amp; Visitors Bureau, Sicom\u00e9rcio, Associa\u00e7\u00e3o de Guias de Turismo de Petr\u00f3polis, C\u00e2mara de Dirigentes Lojistas de Petr\u00f3polis, Associa\u00e7\u00e3o de Profissionais de Eventos de Petr\u00f3polis (AssociEventos), Associa\u00e7\u00e3o de Microcervejarias de Petr\u00f3polis e Associa\u00e7\u00e3o Fluminense de Preserva\u00e7\u00e3o. Outras institui\u00e7\u00f5es de segmentos convergentes com o turismo tamb\u00e9m podem participar do movimento.<br>As entidades que formam agora a comiss\u00e3o de acompanhamento dos maiores eventos da cidade tomam como par\u00e2metro os n\u00fameros pr\u00e9 pand\u00eamicos de 2019 quando a Bauernfest somou 450 mil pessoas e inje\u00e7\u00e3o de R$ 55 milh\u00f5es na economia e o Natal Imperial representou movimento de R$ 300 milh\u00f5es para a cidade com atra\u00e7\u00e3o de 500 mil pessoas. \u201c\u00c9 um patamar que n\u00e3o podemos retroceder e, sim, seguir adiante cada vez mais profissional. O contr\u00e1rio abre espa\u00e7o para a concorr\u00eancia de cidades vizinhas e perdas para a nossa economia\u201d, aponta o presidente do Petr\u00f3polis Convention, Samir el Ghaoui.<br>Raquel Neves, da Associa\u00e7\u00e3o de Guias de Turismo de Petr\u00f3polis, traduz bem os n\u00fameros desses dois principais eventos. \u201cA Bauernfest, por estar consolidada h\u00e1 tr\u00eas d\u00e9cadas se \u2018vende\u2019 sozinha, garantindo fluxo de turistas, mas ela pode ser mais intensa. J\u00e1 o Natal, ainda recente no calend\u00e1rio oficial de atra\u00e7\u00f5es, precisa de aten\u00e7\u00e3o especial, programa\u00e7\u00e3o cultural planejada e muita divulga\u00e7\u00e3o. A Bauernfest, \u00e9 uma manifesta\u00e7\u00e3o cultural que \u00e9 nossa, genu\u00edna e tradicional. J\u00e1 o Natal, evidentemente, \u00e9 uma \u00e9poca em que muitas cidades investem e a concorr\u00eancia \u00e9 maior\u201d, explica citando cidades como Maric\u00e1, Saquarema, Miguel Pereira e Nova Friburgo que abocanham em 2023 uma grande fatia de p\u00fablico com algumas delas j\u00e1 com programa\u00e7\u00e3o definida e sendo divulgada a partir de outubro.<br>O empres\u00e1rio Ant\u00f4nio Nassif, produtor local do Rock The Moutain, o maior evento do g\u00eanero no pa\u00eds, aponta que \u201choje, mais do que nunca, o setor de eventos est\u00e1 atrelado ao turismo, considerando que o espectador da atra\u00e7\u00e3o quer a experi\u00eancia total, desde a hospedagem at\u00e9 uma imers\u00e3o na cidade\u201d. Para o presidente do Sicom\u00e9rcio, Marcelo Fiorini, o anseio do empresariado do setor vai ao encontro do modelo de gest\u00e3o do Natal de Gramado, a festa mais concorrida da \u00e9poca. \u201cA reestrutura\u00e7\u00e3o do Natal de Gramado \u00e9 uma refer\u00eancia para o modelo de gest\u00e3o e governan\u00e7a para festas p\u00fablicas e o que \u00e9 bom deve ser adotado\u201d, defende.<br>Falando pelos lojistas, o presidente da CDL, Cl\u00e1udio Mohammad, destacou a import\u00e2ncia da uni\u00e3o. \u201cTodos t\u00eam o mesmo objetivo que \u00e9 alavancar os setores, a economia e a cidade. Assim, \u00e9 fundamental a coopera\u00e7\u00e3o e sinergia. Est\u00e3o todos falando a mesma linguagem, alinhados em prop\u00f3sitos e metas.<br>As entidades falaram ainda da gama de eventos que a cidade vem recebendo nos \u00faltimos anos e a capacidade do munic\u00edpio ser t\u00e3o plural neste aspecto. \u201cPetr\u00f3polis vive um momento excepcional para eventos. Todos que v\u00eam sendo realizado aqui, incluindo os de esporte, tem dado visibilidade \u00e0 cidade. A meta \u00e9 iniciar com eventos p\u00fablicos, como Bauernfest e o Natal Imperial e, depois, em uma nova fase, abranger tamb\u00e9m eventos particulares, com o trade estando cada vez mais pr\u00f3ximo, alinhado e somando com os realizadores dessas atra\u00e7\u00f5es\u201d, afirma Samir el Ghaoui.<\/p>\n","protected":false},"excerpt":{"rendered":"<p>Entidades representativas de segmentos do turismo, com\u00e9rcio e eventos se reuniram nesta ter\u00e7a-feira (27) e<\/p>\n","protected":false},"author":1,"featured_media":38489,"comment_status":"closed","ping_status":"open","sticky":false,"template":"","format":"standard","meta":{"spay_email":"","footnotes":"","jetpack_publicize_message":""},"categories":[42],"tags":[],"jetpack_featured_media_url":"https:\/\/i1.wp.com\/jornaldeitaipava.com.br\/wp-content\/uploads\/2024\/02\/Reuniao-eventos-5.jpeg?fit=1280%2C960","jetpack_publicize_connections":[],"jetpack_sharing_enabled":true,"jetpack_likes_enabled":true,"jetpack-related-posts":[],"_links":{"self":[{"href":"http:\/\/jornaldeitaipava.com.br\/index.php\/wp-json\/wp\/v2\/posts\/38488"}],"collection":[{"href":"http:\/\/jornaldeitaipava.com.br\/index.php\/wp-json\/wp\/v2\/posts"}],"about":[{"href":"http:\/\/jornaldeitaipava.com.br\/index.php\/wp-json\/wp\/v2\/types\/post"}],"author":[{"embeddable":true,"href":"http:\/\/jornaldeitaipava.com.br\/index.php\/wp-json\/wp\/v2\/users\/1"}],"replies":[{"embeddable":true,"href":"http:\/\/jornaldeitaipava.com.br\/index.php\/wp-json\/wp\/v2\/comments?post=38488"}],"version-history":[{"count":1,"href":"http:\/\/jornaldeitaipava.com.br\/index.php\/wp-json\/wp\/v2\/posts\/38488\/revisions"}],"predecessor-version":[{"id":38490,"href":"http:\/\/jornaldeitaipava.com.br\/index.php\/wp-json\/wp\/v2\/posts\/38488\/revisions\/38490"}],"wp:featuredmedia":[{"embeddable":true,"href":"http:\/\/jornaldeitaipava.com.br\/index.php\/wp-json\/wp\/v2\/media\/38489"}],"wp:attachment":[{"href":"http:\/\/jornaldeitaipava.com.br\/index.php\/wp-json\/wp\/v2\/media?parent=38488"}],"wp:term":[{"taxonomy":"category","embeddable":true,"href":"http:\/\/jornaldeitaipava.com.br\/index.php\/wp-json\/wp\/v2\/categories?post=38488"},{"taxonomy":"post_tag","embeddable":true,"href":"http:\/\/jornaldeitaipava.com.br\/index.php\/wp-json\/wp\/v2\/tags?post=38488"}],"curies":[{"name":"wp","href":"https:\/\/api.w.org\/{rel}","templated":true}]}}