{"id":38491,"date":"2024-02-27T19:13:16","date_gmt":"2024-02-27T22:13:16","guid":{"rendered":"http:\/\/jornaldeitaipava.com.br\/?p=38491"},"modified":"2024-02-27T19:13:18","modified_gmt":"2024-02-27T22:13:18","slug":"ferrugem-comemora-10-anos-de-carreira-com-show-especial-no-resort-le-canton-em-teresopolis","status":"publish","type":"post","link":"http:\/\/jornaldeitaipava.com.br\/index.php\/2024\/02\/27\/ferrugem-comemora-10-anos-de-carreira-com-show-especial-no-resort-le-canton-em-teresopolis\/","title":{"rendered":"Ferrugem comemora 10 anos de carreira com show especial no resort Le Canton, em Teres\u00f3polis"},"content":{"rendered":"\n<p class=\"has-text-align-center\"><strong>Cantor apresentar\u00e1 seus maiores hits no dia 16 de mar\u00e7o, \u00e0s 22h. Ingresso para n\u00e3o h\u00f3spedes custa a partir de R$ 60<\/strong><\/p>\n\n\n\n<p><br>Ele come\u00e7ou a se tornar conhecido do grande p\u00fablico ao lan\u00e7ar a m\u00fasica \u201cClimatizar\u201d, em 2015. De l\u00e1 para c\u00e1, Jheison Failde de Souza, ou melhor, Ferrugem segue colecionando sucessos. Parte desse grande repert\u00f3rio que tanto anima os f\u00e3s de samba e pagode ser\u00e1 apresentado no show especial que o cantor e compositor far\u00e1 no resort Le Canton, em Teres\u00f3polis, para comemorar 10 anos de carreira. A apresenta\u00e7\u00e3o ser\u00e1 no dia 16 de mar\u00e7o, \u00e0s 22h (os port\u00f5es abrem \u00e0s 19h). No set list, n\u00e3o faltar\u00e3o can\u00e7\u00f5es como \u201cEu n\u00e3o sou de me entregar\u201d, \u201cAt\u00e9 que enfim\u201d, \u201cPra voc\u00ea acreditar\u201d, \u201cEu juro\u201d, \u201cSinto a sua falta\u201d e, claro \u201cClimatizar\u201d, entre outras.<br>Para os h\u00f3spedes do Village e do Hotel Magique, o ingresso j\u00e1 est\u00e1 inclu\u00eddo na estadia. As reservas podem ser feitas no site www.lecanton.com.br . Os h\u00f3spedes que estiverem na Fazenda Su\u00ed\u00e7a, assim como n\u00e3o h\u00f3spedes, devem adquirir as entradas (a partir de R$ 60, o primeiro lote) no site https:\/\/www.bilheteriadigital.com\/ferrugem-no-le-canton-16-de-marco .<br>H\u00e1 quase 20 anos Ferrugem respira samba. Aos 13, comprou o primeiro tantan e foi parar em rodas de samba pr\u00f3ximas de casa, em Campo Grande, na Zona Oeste do Rio de Janeiro, onde nasceu e cresceu. Foi nessa \u00e9poca tamb\u00e9m que acabou ganhando o apelido, por ser o \u00fanico pagodeiro ruivo entre os amigos.<br>Ap\u00f3s o lan\u00e7amento de \u201cClimatizar\u201d, que tamb\u00e9m batizou seu \u00e1lbum de estreia, ainda em 2015, Ferrugem gravou \u201cSeja o Que Deus Quiser\u201d, em 2017. A visibilidade nacional chegou com o lan\u00e7amento do primeiro DVD, \u201cPrazer, eu sou Ferrugem\u201d, de 2018. O \u00e1lbum rendeu ao artista uma indica\u00e7\u00e3o ao Grammy Latino na categoria Melhor Disco de Samba e Pagode. Em 2019, o cantor e compositor lan\u00e7ou seu segundo DVD, \u201cCh\u00e3o de Estrelas\u201d.<br>\u201cA apresenta\u00e7\u00e3o do Ferrugem abre nosso calend\u00e1rio de shows, e \u00e9 com uma alegria imensa que o recebemos no Le Canton. N\u00e3o poder\u00edamos estar mais felizes ao saber que teremos a chance de participar da celebra\u00e7\u00e3o pelos 10 anos de carreira. Com certeza, ser\u00e1 um presente para n\u00f3s e para todos os que estiverem presentes\u201d, diz a CEO do Le Canton, M\u00f4nica Paix\u00e3o.<\/p>\n\n\n\n<p>Le Canton<br>Rua Ant\u00f4nio da Silva, 300, Vargem Grande, Teres\u00f3polis, RJ<br>Mais informa\u00e7\u00f5es: 21 99946-2326<br><a href=\"https:\/\/lecanton.com.br\/\" target=\"_blank\" rel=\"noreferrer noopener\">https:\/\/lecanton.com.br\/<\/a><\/p>\n","protected":false},"excerpt":{"rendered":"<p>Cantor apresentar\u00e1 seus maiores hits no dia 16 de mar\u00e7o, \u00e0s 22h. Ingresso para n\u00e3o<\/p>\n","protected":false},"author":1,"featured_media":38492,"comment_status":"closed","ping_status":"open","sticky":false,"template":"","format":"standard","meta":{"spay_email":"","footnotes":"","jetpack_publicize_message":""},"categories":[42],"tags":[],"jetpack_featured_media_url":"https:\/\/i1.wp.com\/jornaldeitaipava.com.br\/wp-content\/uploads\/2024\/02\/FERR.jpg?fit=428%2C232","jetpack_publicize_connections":[],"jetpack_sharing_enabled":true,"jetpack_likes_enabled":true,"jetpack-related-posts":[],"_links":{"self":[{"href":"http:\/\/jornaldeitaipava.com.br\/index.php\/wp-json\/wp\/v2\/posts\/38491"}],"collection":[{"href":"http:\/\/jornaldeitaipava.com.br\/index.php\/wp-json\/wp\/v2\/posts"}],"about":[{"href":"http:\/\/jornaldeitaipava.com.br\/index.php\/wp-json\/wp\/v2\/types\/post"}],"author":[{"embeddable":true,"href":"http:\/\/jornaldeitaipava.com.br\/index.php\/wp-json\/wp\/v2\/users\/1"}],"replies":[{"embeddable":true,"href":"http:\/\/jornaldeitaipava.com.br\/index.php\/wp-json\/wp\/v2\/comments?post=38491"}],"version-history":[{"count":1,"href":"http:\/\/jornaldeitaipava.com.br\/index.php\/wp-json\/wp\/v2\/posts\/38491\/revisions"}],"predecessor-version":[{"id":38493,"href":"http:\/\/jornaldeitaipava.com.br\/index.php\/wp-json\/wp\/v2\/posts\/38491\/revisions\/38493"}],"wp:featuredmedia":[{"embeddable":true,"href":"http:\/\/jornaldeitaipava.com.br\/index.php\/wp-json\/wp\/v2\/media\/38492"}],"wp:attachment":[{"href":"http:\/\/jornaldeitaipava.com.br\/index.php\/wp-json\/wp\/v2\/media?parent=38491"}],"wp:term":[{"taxonomy":"category","embeddable":true,"href":"http:\/\/jornaldeitaipava.com.br\/index.php\/wp-json\/wp\/v2\/categories?post=38491"},{"taxonomy":"post_tag","embeddable":true,"href":"http:\/\/jornaldeitaipava.com.br\/index.php\/wp-json\/wp\/v2\/tags?post=38491"}],"curies":[{"name":"wp","href":"https:\/\/api.w.org\/{rel}","templated":true}]}}