{"id":38494,"date":"2024-02-27T19:16:16","date_gmt":"2024-02-27T22:16:16","guid":{"rendered":"http:\/\/jornaldeitaipava.com.br\/?p=38494"},"modified":"2024-02-27T19:16:19","modified_gmt":"2024-02-27T22:16:19","slug":"verba-obtida-pela-vereadora-julia-para-a-compra-de-dius-ja-esta-disponivel-para-o-municipio","status":"publish","type":"post","link":"http:\/\/jornaldeitaipava.com.br\/index.php\/2024\/02\/27\/verba-obtida-pela-vereadora-julia-para-a-compra-de-dius-ja-esta-disponivel-para-o-municipio\/","title":{"rendered":"Verba obtida pela vereadora J\u00falia para a compra de DIUs j\u00e1 est\u00e1 dispon\u00edvel para o munic\u00edpio"},"content":{"rendered":"\n<p class=\"has-text-align-center\">Por meio de uma emenda do deputado federal Glauber Braga, o setor da sa\u00fade ter\u00e1 acesso ao recurso de mais de R$ 1 milh\u00e3o<\/p>\n\n\n\n<p><br>O poder executivo j\u00e1 pode acessar o sistema de capta\u00e7\u00e3o de recursos federais, por meio do Fundo Nacional de Sa\u00fade, no qual est\u00e1 dispon\u00edvel a verba de R$ 1.125 milh\u00e3o para o munic\u00edpio, destinada \u00e0 compra de dispositivos intrauterinos (DIUs) de cobre e Mirena e de kits de inser\u00e7\u00e3o. O valor foi obtido no ano passado pela vereadora J\u00falia Casamasso, representante da Coletiva Feminista Popular, por meio de emenda individual do deputado federal Glauber Braga.<br>O recurso, que ficou dispon\u00edvel na \u00faltima sexta-feira (23), ainda dever\u00e1 ser usado para a capacita\u00e7\u00e3o das equipes de sa\u00fade da fam\u00edlia para a correta implanta\u00e7\u00e3o e acompanhamento das mulheres que optarem por esse m\u00e9todo contraceptivo.<br>\u201cAcreditamos que seja essencial que as mulheres tenham o poder de tomar decis\u00f5es conscientes sobre o momento em que desejam engravidar e se tornar m\u00e3es, e que lhes sejam garantidas as estruturas necess\u00e1rias para que o procedimento seja realizado no sistema p\u00fablico de sa\u00fade, com seguran\u00e7a e qualidade. Al\u00e9m disso, \u00e9 mais uma maneira de assegurar que o munic\u00edpio tenha os recursos necess\u00e1rios para atender as demandas das mulheres que buscam, justamente, os DIUs de cobre e Mirena como m\u00e9todos contraceptivos\u201d, explica a vereadora.<br>Vale destacar que o Sistema \u00danico de Sa\u00fade (SUS) disponibiliza pelo menos oito m\u00e9todos contraceptivos gratuitos, complementados por palestras informativas que visam esclarecer o funcionamento de cada m\u00e9todo, al\u00e9m de auxiliar na escolha conscientes das fam\u00edlias, com foco nas mulheres, uma vez que a maioria dos contraceptivos \u00e9 destinado aos corpos femininos.<br>Entretanto, em Petr\u00f3polis, a presen\u00e7a de m\u00e9dicos da fam\u00edlia nos postos de sa\u00fade e UBS n\u00e3o regular, o que compromete o planejamento familiar das mulheres. Os m\u00e9todos contraceptivos tradicionais, como as p\u00edlulas, possuem in\u00fameros efeitos colaterais podendo provocar problemas de sa\u00fade como hipertens\u00e3o e trombose, fazendo com que os cl\u00ednicos suspendam a medica\u00e7\u00e3o, sem prescrever outro m\u00e9todo contraceptivo seguro para a paciente.<br>\u201cSabemos que nem todas as unidades de sa\u00fade, principalmente as dos bairros distantes do Centro, t\u00eam a inser\u00e7\u00e3o do DIU dispon\u00edvel, fazendo com que as mulheres precisem se deslocar para realizar os exames e ainda aguardar para serem chamadas para fazer o procedimento. Ao capacitar os profissionais e disponibilizar os contraceptivos em v\u00e1rios postos, estamos garantindo o direito e acesso a planejamento familiar e sa\u00fade reprodutiva para essas mulheres\u201d, destaca Ester Guerra, membro da Coletiva e representante da Frente de Trabalho Feminista.<br>No munic\u00edpio, diversos profissionais de sa\u00fade apontam a aus\u00eancia de programas de planejamento familiar para mulheres que desejam acessar m\u00e9todos contraceptivos tempor\u00e1rios, para atender, especialmente, aquelas que s\u00e3o jovens e optam por m\u00e9todos contraceptivos revers\u00edveis. Somente em 2019, o sistema de sa\u00fade de Petr\u00f3polis registrou 445 casos de gravidez na adolesc\u00eancia, evidenciando a necessidade urgente de desenvolver pol\u00edticas p\u00fablicas e interven\u00e7\u00f5es legislativas que atendam \u00e0s necessidades das mulheres na cidade.<br>\u201cNossa parte para garantir o recurso foi feita, agora cabe ao poder executivo ficar atento aos prazos do Fundo Nacional de Sa\u00fade para obter a verba e destin\u00e1-la devidamente, colocando as informa\u00e7\u00f5es necess\u00e1rias no sistema para que a verba possa ser utilizada pela pasta de sa\u00fade do munic\u00edpio. Seguindo ainda o que determina a emenda do deputado Glauber, que realizou um trabalho junto aos munic\u00edpios para atender as demandas apontadas pela popula\u00e7\u00e3o e que, no caso de Petr\u00f3polis, foi a necessidade da compra dos DIUs e kits de inser\u00e7\u00e3o, e a capacita\u00e7\u00e3o dos profissionais da \u00e1rea\u201d, conclui J\u00falia.<\/p>\n","protected":false},"excerpt":{"rendered":"<p>Por meio de uma emenda do deputado federal Glauber Braga, o setor da sa\u00fade ter\u00e1<\/p>\n","protected":false},"author":1,"featured_media":38495,"comment_status":"closed","ping_status":"open","sticky":false,"template":"","format":"standard","meta":{"spay_email":"","footnotes":"","jetpack_publicize_message":""},"categories":[2],"tags":[],"jetpack_featured_media_url":"https:\/\/i2.wp.com\/jornaldeitaipava.com.br\/wp-content\/uploads\/2024\/02\/Vereadora-Julia-Casamasso-Divulgacao-Gabinete.jpg?fit=1600%2C1066","jetpack_publicize_connections":[],"jetpack_sharing_enabled":true,"jetpack_likes_enabled":true,"jetpack-related-posts":[],"_links":{"self":[{"href":"http:\/\/jornaldeitaipava.com.br\/index.php\/wp-json\/wp\/v2\/posts\/38494"}],"collection":[{"href":"http:\/\/jornaldeitaipava.com.br\/index.php\/wp-json\/wp\/v2\/posts"}],"about":[{"href":"http:\/\/jornaldeitaipava.com.br\/index.php\/wp-json\/wp\/v2\/types\/post"}],"author":[{"embeddable":true,"href":"http:\/\/jornaldeitaipava.com.br\/index.php\/wp-json\/wp\/v2\/users\/1"}],"replies":[{"embeddable":true,"href":"http:\/\/jornaldeitaipava.com.br\/index.php\/wp-json\/wp\/v2\/comments?post=38494"}],"version-history":[{"count":1,"href":"http:\/\/jornaldeitaipava.com.br\/index.php\/wp-json\/wp\/v2\/posts\/38494\/revisions"}],"predecessor-version":[{"id":38496,"href":"http:\/\/jornaldeitaipava.com.br\/index.php\/wp-json\/wp\/v2\/posts\/38494\/revisions\/38496"}],"wp:featuredmedia":[{"embeddable":true,"href":"http:\/\/jornaldeitaipava.com.br\/index.php\/wp-json\/wp\/v2\/media\/38495"}],"wp:attachment":[{"href":"http:\/\/jornaldeitaipava.com.br\/index.php\/wp-json\/wp\/v2\/media?parent=38494"}],"wp:term":[{"taxonomy":"category","embeddable":true,"href":"http:\/\/jornaldeitaipava.com.br\/index.php\/wp-json\/wp\/v2\/categories?post=38494"},{"taxonomy":"post_tag","embeddable":true,"href":"http:\/\/jornaldeitaipava.com.br\/index.php\/wp-json\/wp\/v2\/tags?post=38494"}],"curies":[{"name":"wp","href":"https:\/\/api.w.org\/{rel}","templated":true}]}}