{"id":38507,"date":"2024-02-29T12:19:20","date_gmt":"2024-02-29T15:19:20","guid":{"rendered":"http:\/\/jornaldeitaipava.com.br\/?p=38507"},"modified":"2024-02-29T12:19:24","modified_gmt":"2024-02-29T15:19:24","slug":"camara-municipal-aprova-projeto-de-lei-que-promove-a-conscientizacao-sobre-os-maleficios-do-uso-do-cigarro-eletronico","status":"publish","type":"post","link":"http:\/\/jornaldeitaipava.com.br\/index.php\/2024\/02\/29\/camara-municipal-aprova-projeto-de-lei-que-promove-a-conscientizacao-sobre-os-maleficios-do-uso-do-cigarro-eletronico\/","title":{"rendered":"C\u00e2mara Municipal aprova projeto de lei que promove a conscientiza\u00e7\u00e3o sobre os malef\u00edcios do uso do cigarro eletr\u00f4nico"},"content":{"rendered":"\n<p>Foi aprovado nesta ter\u00e7a-feira (27), projeto de lei de autoria do vereador Hingo Hammes sobre a promo\u00e7\u00e3o de a\u00e7\u00f5es para a conscientiza\u00e7\u00e3o sobre os malef\u00edcios do uso do cigarro eletr\u00f4nico.<br>A implementa\u00e7\u00e3o dessas medidas reflete a necessidade urgente de abordar os desafios impostos pelo uso crescente do cigarro eletr\u00f4nico, especialmente entre os jovens. Estat\u00edsticas alarmantes demonstram uma correla\u00e7\u00e3o direta entre o uso desse dispositivo e o aumento de condi\u00e7\u00f5es de sa\u00fade adversas, como ataques card\u00edacos e problemas respirat\u00f3rios graves.<br>&#8220;\u00c9 importante ressaltar que, enquanto o cigarro eletr\u00f4nico permanece sem regulamenta\u00e7\u00e3o adequada, seu potencial de causar danos \u00e0 sa\u00fade \u00e9 significativo. Ingredientes ativos presentes nesses dispositivos t\u00eam sido associados a danos pulmonares agudos e aumento do risco de desenvolver doen\u00e7as graves&#8221;, afirma o vereador.<br>As metas dessas iniciativas incluem a realiza\u00e7\u00e3o de campanhas e educativas em escolas, unidades de sa\u00fade, transporte p\u00fablico e m\u00eddia, programas educativos, oferta de apoio psicossocial para lidar com o v\u00edcio e divulga\u00e7\u00e3o de indicadores relacionados ao uso do cigarro eletr\u00f4nico.<br>Parcerias com a Secretaria de Esportes, Promo\u00e7\u00e3o da Sa\u00fade, Juventude, Idoso e Lazer para promover atividades f\u00edsicas como forma de preven\u00e7\u00e3o e conscientiza\u00e7\u00e3o tamb\u00e9m fazem parte do projeto.<br>A proposta segue para o poder executivo.<\/p>\n","protected":false},"excerpt":{"rendered":"<p>Foi aprovado nesta ter\u00e7a-feira (27), projeto de lei de autoria do vereador Hingo Hammes sobre<\/p>\n","protected":false},"author":1,"featured_media":36791,"comment_status":"closed","ping_status":"open","sticky":false,"template":"","format":"standard","meta":{"spay_email":"","footnotes":"","jetpack_publicize_message":""},"categories":[2],"tags":[],"jetpack_featured_media_url":"https:\/\/i0.wp.com\/jornaldeitaipava.com.br\/wp-content\/uploads\/2023\/10\/hingo.jpeg?fit=1600%2C1066","jetpack_publicize_connections":[],"jetpack_sharing_enabled":true,"jetpack_likes_enabled":true,"jetpack-related-posts":[],"_links":{"self":[{"href":"http:\/\/jornaldeitaipava.com.br\/index.php\/wp-json\/wp\/v2\/posts\/38507"}],"collection":[{"href":"http:\/\/jornaldeitaipava.com.br\/index.php\/wp-json\/wp\/v2\/posts"}],"about":[{"href":"http:\/\/jornaldeitaipava.com.br\/index.php\/wp-json\/wp\/v2\/types\/post"}],"author":[{"embeddable":true,"href":"http:\/\/jornaldeitaipava.com.br\/index.php\/wp-json\/wp\/v2\/users\/1"}],"replies":[{"embeddable":true,"href":"http:\/\/jornaldeitaipava.com.br\/index.php\/wp-json\/wp\/v2\/comments?post=38507"}],"version-history":[{"count":1,"href":"http:\/\/jornaldeitaipava.com.br\/index.php\/wp-json\/wp\/v2\/posts\/38507\/revisions"}],"predecessor-version":[{"id":38508,"href":"http:\/\/jornaldeitaipava.com.br\/index.php\/wp-json\/wp\/v2\/posts\/38507\/revisions\/38508"}],"wp:featuredmedia":[{"embeddable":true,"href":"http:\/\/jornaldeitaipava.com.br\/index.php\/wp-json\/wp\/v2\/media\/36791"}],"wp:attachment":[{"href":"http:\/\/jornaldeitaipava.com.br\/index.php\/wp-json\/wp\/v2\/media?parent=38507"}],"wp:term":[{"taxonomy":"category","embeddable":true,"href":"http:\/\/jornaldeitaipava.com.br\/index.php\/wp-json\/wp\/v2\/categories?post=38507"},{"taxonomy":"post_tag","embeddable":true,"href":"http:\/\/jornaldeitaipava.com.br\/index.php\/wp-json\/wp\/v2\/tags?post=38507"}],"curies":[{"name":"wp","href":"https:\/\/api.w.org\/{rel}","templated":true}]}}