{"id":38509,"date":"2024-02-29T12:20:52","date_gmt":"2024-02-29T15:20:52","guid":{"rendered":"http:\/\/jornaldeitaipava.com.br\/?p=38509"},"modified":"2024-02-29T12:20:53","modified_gmt":"2024-02-29T15:20:53","slug":"unimed-petropolis-comemora-52-anos-de-fundacao","status":"publish","type":"post","link":"http:\/\/jornaldeitaipava.com.br\/index.php\/2024\/02\/29\/unimed-petropolis-comemora-52-anos-de-fundacao\/","title":{"rendered":"Unimed Petr\u00f3polis comemora 52 anos de funda\u00e7\u00e3o"},"content":{"rendered":"\n<p>No dia 28 de fevereiro de 1972, iniciava-se a hist\u00f3ria da Unimed Petr\u00f3polis, a quarta cooperativa de trabalho m\u00e9dico do Estado do Rio de Janeiro. A sua exist\u00eancia se deu atrav\u00e9s da uni\u00e3o de m\u00e9dicos vision\u00e1rios, que n\u00e3o mediram esfor\u00e7os para implementar o sistema cooperativista no munic\u00edpio. Na \u00e9poca, um modelo de neg\u00f3cio ainda pouco explorado no pa\u00eds e que, mais tarde, motivou a cria\u00e7\u00e3o da Federa\u00e7\u00e3o das Unimeds do Estado do Rio de Janeiro.<br>Vivendo um novo momento, com a retomada da venda de planos de sa\u00fade e a busca incans\u00e1vel para o crescimento e fortalecimento da cooperativa, o presidente, Dr. Claudio Batista, explica que no anivers\u00e1rio da Unimed Petr\u00f3polis \u00e9 preciso agradecer a todos os clientes da operadora, mas tamb\u00e9m a todos os m\u00e9dicos cooperados e colaboradores.<br>\u201cPara mim \u00e9 motivo de muito orgulho estar \u00e0 frente da cooperativa que vive um momento totalmente novo. Sou cooperado h\u00e1 mais de 30 anos e vivenciei muitos fatos hist\u00f3ricos nessa trajet\u00f3ria Um dos maiores, sem d\u00favida, \u00e9 a retomada da venda do nosso plano, o que trouxe a confian\u00e7a n\u00e3o s\u00f3 da ANS, mas dos nossos cooperados em fazer a Unimed Petr\u00f3polis crescer e se fortalecer a cada dia. Ent\u00e3o al\u00e9m de agradecer aos nossos clientes fi\u00e9is que est\u00e3o conosco nesses anos. Tamb\u00e9m precisamos agradecer a esses novos benefici\u00e1rios que est\u00e3o ingressando na operadora. Todos os nossos m\u00e9dicos e colaboradores est\u00e3o empenhados para melhorar o nosso atendimento.\u201d, disse Dr. Claudio.<br>Atualmente, a maior empresa de sa\u00fade de Petr\u00f3polis \u00e9 formada por 263 cooperados e gera cerca de 2,5 mil empregos diretos e indiretos, sendo uma das empresas que mais contribui com impostos no munic\u00edpio.<\/p>\n\n\n\n<p><strong>Investimento no Hospital Unimed Petr\u00f3polis<br><\/strong>A Diretoria Executiva assumiu o compromisso de melhorar a assist\u00eancia prestada no Hospital Unimed, por conta disso, a vice-presidente Dra. Rosane Kl\u00f4h Banger refor\u00e7a que al\u00e9m da revis\u00e3o e implanta\u00e7\u00e3o dos processos funcionais, o hospital tamb\u00e9m recebeu investimentos na adequa\u00e7\u00e3o f\u00edsica. A sala de urg\u00eancia foi toda informatizada, o centro de imagem passou a ter a gest\u00e3o do hospital e inovou com a emiss\u00e3o dos laudos dos exames on-line com resultado dispon\u00edvel em at\u00e9 5 dias \u00fateis.<br>\u201cRealizamos diversas adequa\u00e7\u00f5es no hospital e queremos ampliar ainda mais. Estamos com o projeto de implanta\u00e7\u00e3o de uma sala de parto humanizada e maternidade para ampliar a assist\u00eancia para todas as clientes do nosso hospital. Al\u00e9m disso, lan\u00e7amos o pronto atendimento virtual oferecendo o atendimento de emerg\u00eancia por telemedicina com seguran\u00e7a e qualidade sem sair de casa.\u201d, disse Dra. Rosane.<br>Ampliando a capacidade cir\u00fargica do Hospital Unimed, a unidade conta com moderno equipamento no Centro Cir\u00fargico, o arco em C, e tamb\u00e9m implantou uma unidade p\u00f3s cir\u00fargica para o encaminhamento dos pacientes que necessitarem de interna\u00e7\u00e3o. Al\u00e9m 16 leitos do 4\u00ba posto do hospital, com a unidade p\u00f3s cir\u00fargica, o cliente tem dispon\u00edvel 11 leitos cir\u00fargicos e 09 leitos materno Infantil para interna\u00e7\u00e3o. A amplia\u00e7\u00e3o foi poss\u00edvel, ap\u00f3s o credenciamento de novos leitos no Hospital SMH &#8211; Benefic\u00eancia Portuguesa de Petr\u00f3polis.<br>&#8220;Havia a necessidade de movimentarmos o nosso Centro Cir\u00fargico. Ent\u00e3o contratamos um andar inteiro do hospital SMH com 20 novos leitos para encaminharmos os pacientes cl\u00ednicos de baixa complexidade e mantermos essa enfermaria exclusiva para os pacientes cir\u00fargicos. Esse \u00e9 o primeiro movimento dessa caminhada de inova\u00e7\u00e3o e crescimento para a Unimed Petr\u00f3polis.&#8221;, anuncia Dra. Rosane.<\/p>\n","protected":false},"excerpt":{"rendered":"<p>No dia 28 de fevereiro de 1972, iniciava-se a hist\u00f3ria da Unimed Petr\u00f3polis, a quarta<\/p>\n","protected":false},"author":1,"featured_media":6611,"comment_status":"closed","ping_status":"open","sticky":false,"template":"","format":"standard","meta":{"spay_email":"","footnotes":"","jetpack_publicize_message":""},"categories":[2],"tags":[],"jetpack_featured_media_url":"https:\/\/i0.wp.com\/jornaldeitaipava.com.br\/wp-content\/uploads\/2020\/12\/UNIMED2-1.jpg?fit=783%2C431","jetpack_publicize_connections":[],"jetpack_sharing_enabled":true,"jetpack_likes_enabled":true,"jetpack-related-posts":[],"_links":{"self":[{"href":"http:\/\/jornaldeitaipava.com.br\/index.php\/wp-json\/wp\/v2\/posts\/38509"}],"collection":[{"href":"http:\/\/jornaldeitaipava.com.br\/index.php\/wp-json\/wp\/v2\/posts"}],"about":[{"href":"http:\/\/jornaldeitaipava.com.br\/index.php\/wp-json\/wp\/v2\/types\/post"}],"author":[{"embeddable":true,"href":"http:\/\/jornaldeitaipava.com.br\/index.php\/wp-json\/wp\/v2\/users\/1"}],"replies":[{"embeddable":true,"href":"http:\/\/jornaldeitaipava.com.br\/index.php\/wp-json\/wp\/v2\/comments?post=38509"}],"version-history":[{"count":1,"href":"http:\/\/jornaldeitaipava.com.br\/index.php\/wp-json\/wp\/v2\/posts\/38509\/revisions"}],"predecessor-version":[{"id":38510,"href":"http:\/\/jornaldeitaipava.com.br\/index.php\/wp-json\/wp\/v2\/posts\/38509\/revisions\/38510"}],"wp:featuredmedia":[{"embeddable":true,"href":"http:\/\/jornaldeitaipava.com.br\/index.php\/wp-json\/wp\/v2\/media\/6611"}],"wp:attachment":[{"href":"http:\/\/jornaldeitaipava.com.br\/index.php\/wp-json\/wp\/v2\/media?parent=38509"}],"wp:term":[{"taxonomy":"category","embeddable":true,"href":"http:\/\/jornaldeitaipava.com.br\/index.php\/wp-json\/wp\/v2\/categories?post=38509"},{"taxonomy":"post_tag","embeddable":true,"href":"http:\/\/jornaldeitaipava.com.br\/index.php\/wp-json\/wp\/v2\/tags?post=38509"}],"curies":[{"name":"wp","href":"https:\/\/api.w.org\/{rel}","templated":true}]}}