{"id":38513,"date":"2024-02-29T12:25:28","date_gmt":"2024-02-29T15:25:28","guid":{"rendered":"http:\/\/jornaldeitaipava.com.br\/?p=38513"},"modified":"2024-02-29T12:25:29","modified_gmt":"2024-02-29T15:25:29","slug":"acid-violin-de-andre-henriquez-e-banda-na-csz-com-entrada-franca-na-casa-stefan-zweig","status":"publish","type":"post","link":"http:\/\/jornaldeitaipava.com.br\/index.php\/2024\/02\/29\/acid-violin-de-andre-henriquez-e-banda-na-csz-com-entrada-franca-na-casa-stefan-zweig\/","title":{"rendered":"\u201cAcid Violin\u201d de Andre Henriquez e Banda na CSZ com entrada franca na Casa Stefan Zweig"},"content":{"rendered":"\n<p>Acompanhado por William Belle (guitarra), Luiz Chaves (baixo) e Yuri Garrido (bateria), o violinista Andre Henriquez apresenta o seu show \u2018Acid Violin\u2019 na Casa Stefan Zweig nesse s\u00e1bado, 02\/03, \u00e0s 11h, com entrada franca.<br>Seu repert\u00f3rio de m\u00fasicas autorais inclui o EP \u201cAcid Violin Soup\u201d, lan\u00e7ado digitalmente pela gravadora portuguesa LAD Records em 2012. O trabalho \u00e9 uma mistura de acid-jazz e world fusion, recheado de muita improvisa\u00e7\u00e3o e swing. Nessa mesma linha, o espet\u00e1culo conta tamb\u00e9m com m\u00fasicas de Steve Wonder, Peter Gabriel, al\u00e9m de homenagear dois grandes nomes do violino no jazz, Jean-Luc Ponty e Didier Lockwood.<br>O concerto \u201cAcid Violin com Andre Henriquez e banda\u201d faz parte da Programa\u00e7\u00e3o Cultural da CSZ 2024, que tem o patroc\u00ednio da Prefeitura Municipal de Petr\u00f3polis, por meio do Fundo Municipal de Cultural e patroc\u00ednio da CSN e Contellation por meio da Lei Rouanet. As reservas poder\u00e3o ser feitas pelo e-mail: casastefanzweig@gmail.com ou pelo WhatsApp 24 992 566 532.<\/p>\n\n\n\n<p><strong>Sobre a Casa Stefan Zweig<br><\/strong>A CASA STEFAN ZWEIG homenageia a mem\u00f3ria do escritor austr\u00edaco em sua \u00faltima morada. \u00c9 tamb\u00e9m um Memorial do Ex\u00edlio, destinado a divulgar as obras de outros artistas, intelectuais e cientistas que se refugiaram no Brasil durante no per\u00edodo 1933-1945 e que contribu\u00edram para a cultura, as artes e a ci\u00eancia do pa\u00eds.<br>Al\u00e9m atividades culturais como exposi\u00e7\u00f5es, palestras e cineclube, a CASA STEFAN ZWEIG tem parcerias com entidades afins, oferecendo acesso online a pesquisadores e ao p\u00fablico em geral. A CASA STEFAN ZWEIG busca o envolvimento da comunidade petropolitana, com \u00eanfase no p\u00fablico jovem (estudantes de escolas p\u00fablicas e privadas). Fiel ao ide\u00e1rio de Stefan Zweig, pretende ser um centro de refer\u00eancia em defesa da paz, do humanismo e da democracia.<\/p>\n","protected":false},"excerpt":{"rendered":"<p>Acompanhado por William Belle (guitarra), Luiz Chaves (baixo) e Yuri Garrido (bateria), o violinista Andre<\/p>\n","protected":false},"author":1,"featured_media":33608,"comment_status":"closed","ping_status":"open","sticky":false,"template":"","format":"standard","meta":{"spay_email":"","footnotes":"","jetpack_publicize_message":""},"categories":[1],"tags":[],"jetpack_featured_media_url":"https:\/\/i1.wp.com\/jornaldeitaipava.com.br\/wp-content\/uploads\/2023\/03\/STEFAN-ZWEIG.jpg?fit=1200%2C803","jetpack_publicize_connections":[],"jetpack_sharing_enabled":true,"jetpack_likes_enabled":true,"jetpack-related-posts":[],"_links":{"self":[{"href":"http:\/\/jornaldeitaipava.com.br\/index.php\/wp-json\/wp\/v2\/posts\/38513"}],"collection":[{"href":"http:\/\/jornaldeitaipava.com.br\/index.php\/wp-json\/wp\/v2\/posts"}],"about":[{"href":"http:\/\/jornaldeitaipava.com.br\/index.php\/wp-json\/wp\/v2\/types\/post"}],"author":[{"embeddable":true,"href":"http:\/\/jornaldeitaipava.com.br\/index.php\/wp-json\/wp\/v2\/users\/1"}],"replies":[{"embeddable":true,"href":"http:\/\/jornaldeitaipava.com.br\/index.php\/wp-json\/wp\/v2\/comments?post=38513"}],"version-history":[{"count":1,"href":"http:\/\/jornaldeitaipava.com.br\/index.php\/wp-json\/wp\/v2\/posts\/38513\/revisions"}],"predecessor-version":[{"id":38514,"href":"http:\/\/jornaldeitaipava.com.br\/index.php\/wp-json\/wp\/v2\/posts\/38513\/revisions\/38514"}],"wp:featuredmedia":[{"embeddable":true,"href":"http:\/\/jornaldeitaipava.com.br\/index.php\/wp-json\/wp\/v2\/media\/33608"}],"wp:attachment":[{"href":"http:\/\/jornaldeitaipava.com.br\/index.php\/wp-json\/wp\/v2\/media?parent=38513"}],"wp:term":[{"taxonomy":"category","embeddable":true,"href":"http:\/\/jornaldeitaipava.com.br\/index.php\/wp-json\/wp\/v2\/categories?post=38513"},{"taxonomy":"post_tag","embeddable":true,"href":"http:\/\/jornaldeitaipava.com.br\/index.php\/wp-json\/wp\/v2\/tags?post=38513"}],"curies":[{"name":"wp","href":"https:\/\/api.w.org\/{rel}","templated":true}]}}