{"id":38824,"date":"2024-03-21T10:25:16","date_gmt":"2024-03-21T13:25:16","guid":{"rendered":"http:\/\/jornaldeitaipava.com.br\/?p=38824"},"modified":"2024-03-21T10:25:17","modified_gmt":"2024-03-21T13:25:17","slug":"petropolis-ganha-centro-cultural-em-meio-a-natureza-e-promete-atrair-cerca-de-10-mil-turistas-por-ano-para-o-municipio","status":"publish","type":"post","link":"http:\/\/jornaldeitaipava.com.br\/index.php\/2024\/03\/21\/petropolis-ganha-centro-cultural-em-meio-a-natureza-e-promete-atrair-cerca-de-10-mil-turistas-por-ano-para-o-municipio\/","title":{"rendered":"Petr\u00f3polis ganha Centro Cultural em meio \u00e0 natureza e promete atrair cerca de 10 mil turistas por ano para o munic\u00edpio"},"content":{"rendered":"\n<p class=\"has-text-align-center\"><strong>\u00c1rea total de 80 mil metros quadrados vai contar com um complexo de espa\u00e7os dedicados a manifesta\u00e7\u00f5es art\u00edsticas, projetos sociais e uso da terra<\/strong><\/p>\n\n\n\n<p>Petr\u00f3polis vai ganhar um novo complexo cultural em meio \u00e0 Mata Atl\u00e2ntica preservada e pr\u00f3ximo \u00e0 Itaipava: o Centro Cultural Vishva Vidya. O empreendimento, sem fins lucrativos, \u00e9 uma iniciativa do Instituto Vishva Vidya, que agora passa a ter a nomenclatura de organiza\u00e7\u00e3o pela abrang\u00eancia e import\u00e2ncia de seu trabalho em n\u00edvel internacional. O projeto visa trazer para Petr\u00f3polis um epicentro da cultura indiana no Brasil, promovendo manifesta\u00e7\u00f5es art\u00edsticas e culturais diversificadas que contemplam artes visuais, dan\u00e7a, m\u00fasica, atividades educativas, palestras de filosofia indiana, trabalhos com a terra, entre outros eventos.<br>O Centro Cultural Vishva Vidya vai ser constru\u00eddo em total integra\u00e7\u00e3o com a natureza, em um pequeno espa\u00e7o dentro de um terreno de 80 mil metros quadrados, mantendo a preserva\u00e7\u00e3o ambiental do lugar. \u201cTemos a preocupa\u00e7\u00e3o em integrar nossos projetos em perfeita harmonia com a natureza, pensando na conserva\u00e7\u00e3o dos recursos naturais. O cuidado com a Mata Atl\u00e2ntica que vai cercar o espa\u00e7o \u00e9 muito importante. Isso porque nossa inten\u00e7\u00e3o tamb\u00e9m \u00e9 desenvolver atividades com o uso da terra e a nossa reconex\u00e3o com ela\u201d, pontuou o professor tradicional de Vedanta Jonas Masetti, fundador da Organiza\u00e7\u00e3o Vishva Vidya.<br>Al\u00e9m de sediar eventos que exaltem a cultura e tradi\u00e7\u00f5es indianas, o complexo tamb\u00e9m ter\u00e1 espa\u00e7os dedicados \u00e0 produ\u00e7\u00e3o de org\u00e2nicos, cria\u00e7\u00e3o de animais de pequeno porte como galinhas e outros bichos. A ideia \u00e9 tamb\u00e9m fazer interc\u00e2mbio com outros centros culturais no Brasil e do exterior, trazendo artistas, mestres e pessoas que desejam conhecer e mergulhar na cultura indiana e nessa conex\u00e3o com a terra.<br>O local tamb\u00e9m vai ser utilizado como sede de projetos sociais como a Pequena Tribo, que oferece estudo extracurricular de gra\u00e7a a crian\u00e7as, no contraturno escolar, com o intuito de resgatar a cultura dos povos ancestrais e desenvolver nelas compet\u00eancias socioemocionais. A ideia \u00e9 atender \u00e0s fam\u00edlias do entorno do Centro Cultural para que eles conhe\u00e7am mais do uso da terra e da cultura indiana.<br>\u201c2024 vem com muitas novidades para a Pequena Tribo. Acabamos de ampliar o n\u00famero de crian\u00e7as atendidas e o n\u00famero de escolas tamb\u00e9m. Estar dentro do Centro Cultural Vishva Vidya \u00e9 dar o primeiro passo para expans\u00e3o desse projeto social t\u00e3o lindo para o restante do pa\u00eds\u201d, comemorou o coordenador do projeto, Rodrigo Ribas.<br>O Centro Cultural \u00e9 mais um empreendimento de grande porte da Organiza\u00e7\u00e3o Vishva Vidya em Petr\u00f3polis. Est\u00e1 em constru\u00e7\u00e3o, em uma outra \u00e1rea, um Gurukulam, ou Casa do Professor, espa\u00e7o de estudos onde um professor tradicional de Vedanta e estudantes residem em um mesmo local, por um per\u00edodo, com a fun\u00e7\u00e3o principal de aprofundar os conhecimentos v\u00e9dicos.<\/p>\n\n\n\n<p><strong>Movimenta\u00e7\u00e3o Tur\u00edstica<br><\/strong>Com a instala\u00e7\u00e3o do Centro Cultural, a expectativa \u00e9 n\u00e3o s\u00f3 que o petropolitano esteja mais perto da cultura indiana, mas tamb\u00e9m fomentar turisticamente Petr\u00f3polis. O objetivo \u00e9 trazer \u00e0 cidade um movimento grande de pessoas de todas as partes do Brasil, como j\u00e1 acontece durante o Festival de Vedanta e Autoconhecimento, s\u00f3 que agora num fluxo mais regular.<br>A estimativa \u00e9 que ao longo do ano cerca de 10 mil pessoas circulem por Petr\u00f3polis, visitantes que v\u00eam se conectar, aprender e entender um pouco mais sobre o uso da terra e a cultura indiana. S\u00e3o turistas que movimentam a rede de hot\u00e9is, pousadas e outros meios de hospedagem na cidade, sem falar no com\u00e9rcio local, bares e restaurantes que tamb\u00e9m s\u00e3o impactados pela vinda deles.<br>\u201cA ideia \u00e9 transformar Petr\u00f3polis em um polo refer\u00eancia das manifesta\u00e7\u00f5es art\u00edsticas indianas e resgatar o valor da terra como fazem os povos origin\u00e1rios. E com essa movimenta\u00e7\u00e3o, toda a cadeia econ\u00f4mica e tur\u00edstica da cidade sai ganhando\u201d, finalizou Masetti.<\/p>\n","protected":false},"excerpt":{"rendered":"<p>\u00c1rea total de 80 mil metros quadrados vai contar com um complexo de espa\u00e7os dedicados<\/p>\n","protected":false},"author":1,"featured_media":38825,"comment_status":"closed","ping_status":"open","sticky":false,"template":"","format":"standard","meta":{"spay_email":"","footnotes":"","jetpack_publicize_message":""},"categories":[1],"tags":[],"jetpack_featured_media_url":"https:\/\/i0.wp.com\/jornaldeitaipava.com.br\/wp-content\/uploads\/2024\/03\/WhatsApp-Image-2024-03-21-at-10.14.05.jpeg?fit=1290%2C726","jetpack_publicize_connections":[],"jetpack_sharing_enabled":true,"jetpack_likes_enabled":true,"jetpack-related-posts":[],"_links":{"self":[{"href":"http:\/\/jornaldeitaipava.com.br\/index.php\/wp-json\/wp\/v2\/posts\/38824"}],"collection":[{"href":"http:\/\/jornaldeitaipava.com.br\/index.php\/wp-json\/wp\/v2\/posts"}],"about":[{"href":"http:\/\/jornaldeitaipava.com.br\/index.php\/wp-json\/wp\/v2\/types\/post"}],"author":[{"embeddable":true,"href":"http:\/\/jornaldeitaipava.com.br\/index.php\/wp-json\/wp\/v2\/users\/1"}],"replies":[{"embeddable":true,"href":"http:\/\/jornaldeitaipava.com.br\/index.php\/wp-json\/wp\/v2\/comments?post=38824"}],"version-history":[{"count":1,"href":"http:\/\/jornaldeitaipava.com.br\/index.php\/wp-json\/wp\/v2\/posts\/38824\/revisions"}],"predecessor-version":[{"id":38826,"href":"http:\/\/jornaldeitaipava.com.br\/index.php\/wp-json\/wp\/v2\/posts\/38824\/revisions\/38826"}],"wp:featuredmedia":[{"embeddable":true,"href":"http:\/\/jornaldeitaipava.com.br\/index.php\/wp-json\/wp\/v2\/media\/38825"}],"wp:attachment":[{"href":"http:\/\/jornaldeitaipava.com.br\/index.php\/wp-json\/wp\/v2\/media?parent=38824"}],"wp:term":[{"taxonomy":"category","embeddable":true,"href":"http:\/\/jornaldeitaipava.com.br\/index.php\/wp-json\/wp\/v2\/categories?post=38824"},{"taxonomy":"post_tag","embeddable":true,"href":"http:\/\/jornaldeitaipava.com.br\/index.php\/wp-json\/wp\/v2\/tags?post=38824"}],"curies":[{"name":"wp","href":"https:\/\/api.w.org\/{rel}","templated":true}]}}