{"id":38827,"date":"2024-03-21T10:27:21","date_gmt":"2024-03-21T13:27:21","guid":{"rendered":"http:\/\/jornaldeitaipava.com.br\/?p=38827"},"modified":"2024-03-21T10:27:22","modified_gmt":"2024-03-21T13:27:22","slug":"palacio-de-cristal-recebe-quarta-edicao-da-exposicao-de-flores-e-ceramica","status":"publish","type":"post","link":"http:\/\/jornaldeitaipava.com.br\/index.php\/2024\/03\/21\/palacio-de-cristal-recebe-quarta-edicao-da-exposicao-de-flores-e-ceramica\/","title":{"rendered":"Pal\u00e1cio de Cristal recebe quarta edi\u00e7\u00e3o da Exposi\u00e7\u00e3o de Flores e Cer\u00e2mica"},"content":{"rendered":"\n<p>Amantes das artes em cer\u00e2mica e esp\u00e9cies florais ter\u00e3o a oportunidade de apreciar mais uma edi\u00e7\u00e3o do evento, que acontecer\u00e1 a partir da pr\u00f3xima sexta-feira (22), e vai at\u00e9 domingo (24), de 9h \u00e0s 17h. A a\u00e7\u00e3o tem o apoio da Prefeitura, por meio da Secretaria de Turismo.<br>O evento contar\u00e1 com os expositores: Associa\u00e7\u00e3o dos Produtores Hortifrutigranjeiros e Floricultores do Caxambu e Adjac\u00eancias; seis ceramistas; entre outros produtores e artistas do g\u00eanero.<br>O evento \u00e9 uma oportunidade de reafirmar uma tradi\u00e7\u00e3o hist\u00f3rica da Cidade Imperial, uma vez que o Pal\u00e1cio de Cristal foi projetado para expor flores e exaltar a diversidade agr\u00edcola da cidade.<\/p>\n","protected":false},"excerpt":{"rendered":"<p>Amantes das artes em cer\u00e2mica e esp\u00e9cies florais ter\u00e3o a oportunidade de apreciar mais uma<\/p>\n","protected":false},"author":1,"featured_media":30169,"comment_status":"closed","ping_status":"open","sticky":false,"template":"","format":"standard","meta":{"spay_email":"","footnotes":"","jetpack_publicize_message":""},"categories":[42],"tags":[],"jetpack_featured_media_url":"https:\/\/i1.wp.com\/jornaldeitaipava.com.br\/wp-content\/uploads\/2022\/07\/PALACIO-C.png?fit=804%2C498","jetpack_publicize_connections":[],"jetpack_sharing_enabled":true,"jetpack_likes_enabled":true,"jetpack-related-posts":[],"_links":{"self":[{"href":"http:\/\/jornaldeitaipava.com.br\/index.php\/wp-json\/wp\/v2\/posts\/38827"}],"collection":[{"href":"http:\/\/jornaldeitaipava.com.br\/index.php\/wp-json\/wp\/v2\/posts"}],"about":[{"href":"http:\/\/jornaldeitaipava.com.br\/index.php\/wp-json\/wp\/v2\/types\/post"}],"author":[{"embeddable":true,"href":"http:\/\/jornaldeitaipava.com.br\/index.php\/wp-json\/wp\/v2\/users\/1"}],"replies":[{"embeddable":true,"href":"http:\/\/jornaldeitaipava.com.br\/index.php\/wp-json\/wp\/v2\/comments?post=38827"}],"version-history":[{"count":1,"href":"http:\/\/jornaldeitaipava.com.br\/index.php\/wp-json\/wp\/v2\/posts\/38827\/revisions"}],"predecessor-version":[{"id":38828,"href":"http:\/\/jornaldeitaipava.com.br\/index.php\/wp-json\/wp\/v2\/posts\/38827\/revisions\/38828"}],"wp:featuredmedia":[{"embeddable":true,"href":"http:\/\/jornaldeitaipava.com.br\/index.php\/wp-json\/wp\/v2\/media\/30169"}],"wp:attachment":[{"href":"http:\/\/jornaldeitaipava.com.br\/index.php\/wp-json\/wp\/v2\/media?parent=38827"}],"wp:term":[{"taxonomy":"category","embeddable":true,"href":"http:\/\/jornaldeitaipava.com.br\/index.php\/wp-json\/wp\/v2\/categories?post=38827"},{"taxonomy":"post_tag","embeddable":true,"href":"http:\/\/jornaldeitaipava.com.br\/index.php\/wp-json\/wp\/v2\/tags?post=38827"}],"curies":[{"name":"wp","href":"https:\/\/api.w.org\/{rel}","templated":true}]}}