{"id":38829,"date":"2024-03-21T10:29:14","date_gmt":"2024-03-21T13:29:14","guid":{"rendered":"http:\/\/jornaldeitaipava.com.br\/?p=38829"},"modified":"2024-03-21T10:29:15","modified_gmt":"2024-03-21T13:29:15","slug":"dia-mundial-da-sindrome-de-down-projeto-cinematografico-em-petropolis-lanca-luz-sobre-inclusao-e-autonomia-no-pessoas-com-down","status":"publish","type":"post","link":"http:\/\/jornaldeitaipava.com.br\/index.php\/2024\/03\/21\/dia-mundial-da-sindrome-de-down-projeto-cinematografico-em-petropolis-lanca-luz-sobre-inclusao-e-autonomia-no-pessoas-com-down\/","title":{"rendered":"Dia Mundial da S\u00edndrome de Down: projeto cinematogr\u00e1fico em Petr\u00f3polis lan\u00e7a luz sobre inclus\u00e3o e autonomia no pessoas com down"},"content":{"rendered":"\n<p>No dia 21 de mar\u00e7o, o mundo celebra o Dia Mundial da S\u00edndrome de Down, uma data que vai al\u00e9m de meramente marcar o calend\u00e1rio. \u00c9 um momento de reflex\u00e3o sobre a inclus\u00e3o e a igualdade de oportunidades para as pessoas que vivem com essa condi\u00e7\u00e3o gen\u00e9tica. Em meio a essa reflex\u00e3o, uma iniciativa especial na cidade de Petr\u00f3polis est\u00e1 prestes a lan\u00e7ar luz sobre esses temas de uma maneira \u00fanica e significativa.<br>O projeto cinematogr\u00e1fico &#8220;Marca\u00e7\u00e3o Cerrada&#8221;, idealizado e dirigido por Rodolfo Medeiros, emerge como uma homenagem tang\u00edvel ao Dia Mundial da S\u00edndrome de Down. Este curta-metragem revisita quest\u00f5es cruciais sobre autonomia e inclus\u00e3o que desafia os padr\u00f5es sociais arraigados e os estere\u00f3tipos que cercam essa comunidade.<br>A trama do filme mergulha na jornada de quatro amigos com s\u00edndrome de Down que, apesar de terem atingido a maioridade, encontram-se presos em uma bolha de superprote\u00e7\u00e3o criada por suas fam\u00edlias. Um dos amigos nutre um simples, por\u00e9m profundo desejo: assistir a uma partida de futebol no lend\u00e1rio est\u00e1dio do Maracan\u00e3. No entanto, devido \u00e0 superprote\u00e7\u00e3o familiar, esse desejo parece distante. Determinados a tornar o sonho do amigo uma realidade, os quatro jovens embarcam em uma jornada desafiadora em dire\u00e7\u00e3o ao est\u00e1dio, enfrentando uma s\u00e9rie de obst\u00e1culos e adversidades no caminho.<br>Para Rodolfo Medeiros, diretor e defensor da educa\u00e7\u00e3o inclusiva com mais de duas d\u00e9cadas de experi\u00eancia, &#8220;Marca\u00e7\u00e3o Cerrada&#8221; vai al\u00e9m de contar uma hist\u00f3ria. Ele destaca a urg\u00eancia de garantir o direito \u00e0 autonomia e independ\u00eancia das pessoas com s\u00edndrome de Down e da igualdade de oportunidades independentemente de suas condi\u00e7\u00f5es gen\u00e9ticas ou circunst\u00e2ncias de vida.<br>\u201cO filme desafia estere\u00f3tipos e preconceitos, evidenciando a capacidade desses indiv\u00edduos de superar desafios e viver de forma mais independente quando lhes s\u00e3o dadas oportunidades adequadas\u201d, enfatiza o diretor.<br>O elenco do curta-metragem \u00e9 composto por artistas com s\u00edndrome de Down, integrantes da Cia. Somos 21 e do Projeto Andorinhas, com um elenco de apoio formado por atores com defici\u00eancia (PcD). As filmagens ser\u00e3o realizadas em loca\u00e7\u00f5es em Petr\u00f3polis e no Rio de Janeiro, destacando a beleza e diversidade dessas cidades brasileiras.<br>Al\u00e9m da produ\u00e7\u00e3o do filme, o projeto inclui a realiza\u00e7\u00e3o de dez sess\u00f5es de debates com o diretor, elenco e especialistas em escolas municipais de Petr\u00f3polis, bem como uma pr\u00e9-estreia em um cinema local. Essas atividades visam promover uma reflex\u00e3o profunda sobre a import\u00e2ncia da inclus\u00e3o.<br>O compromisso com a inclus\u00e3o \u00e9 uma constante na carreira de Rodolfo Medeiros, que dirige a Cia. Somos 21, composta por talentosos atores com s\u00edndrome de Down. O projeto &#8220;Marca\u00e7\u00e3o Cerrada&#8221; foi contemplado por meio da Lei Federal Paulo Gustavo de incentivo \u00e0 cultura, demonstrando o reconhecimento do valor art\u00edstico e social dessa iniciativa.<br>Rodolfo Medeiros, al\u00e9m de ser ator, diretor, produtor e professor de teatro, \u00e9 tamb\u00e9m o diretor art\u00edstico do INADH &#8211; Instituto Nacional do Desenvolvimento Humano. Sua carreira inclui a dire\u00e7\u00e3o de document\u00e1rios, curtas e longas-metragens, e ele recebeu diversos pr\u00eamios, incluindo reconhecimento por seu compromisso com a inclus\u00e3o.<br>O lan\u00e7amento de &#8220;Marca\u00e7\u00e3o Cerrada&#8221;, previsto para novembro de 2024, promete ser um marco na luta por uma sociedade mais inclusiva e emp\u00e1tica.<\/p>\n","protected":false},"excerpt":{"rendered":"<p>No dia 21 de mar\u00e7o, o mundo celebra o Dia Mundial da S\u00edndrome de Down,<\/p>\n","protected":false},"author":1,"featured_media":38830,"comment_status":"closed","ping_status":"open","sticky":false,"template":"","format":"standard","meta":{"spay_email":"","footnotes":"","jetpack_publicize_message":""},"categories":[1,24],"tags":[],"jetpack_featured_media_url":"https:\/\/i2.wp.com\/jornaldeitaipava.com.br\/wp-content\/uploads\/2024\/03\/atores-01.jpeg?fit=1280%2C960","jetpack_publicize_connections":[],"jetpack_sharing_enabled":true,"jetpack_likes_enabled":true,"jetpack-related-posts":[],"_links":{"self":[{"href":"http:\/\/jornaldeitaipava.com.br\/index.php\/wp-json\/wp\/v2\/posts\/38829"}],"collection":[{"href":"http:\/\/jornaldeitaipava.com.br\/index.php\/wp-json\/wp\/v2\/posts"}],"about":[{"href":"http:\/\/jornaldeitaipava.com.br\/index.php\/wp-json\/wp\/v2\/types\/post"}],"author":[{"embeddable":true,"href":"http:\/\/jornaldeitaipava.com.br\/index.php\/wp-json\/wp\/v2\/users\/1"}],"replies":[{"embeddable":true,"href":"http:\/\/jornaldeitaipava.com.br\/index.php\/wp-json\/wp\/v2\/comments?post=38829"}],"version-history":[{"count":1,"href":"http:\/\/jornaldeitaipava.com.br\/index.php\/wp-json\/wp\/v2\/posts\/38829\/revisions"}],"predecessor-version":[{"id":38831,"href":"http:\/\/jornaldeitaipava.com.br\/index.php\/wp-json\/wp\/v2\/posts\/38829\/revisions\/38831"}],"wp:featuredmedia":[{"embeddable":true,"href":"http:\/\/jornaldeitaipava.com.br\/index.php\/wp-json\/wp\/v2\/media\/38830"}],"wp:attachment":[{"href":"http:\/\/jornaldeitaipava.com.br\/index.php\/wp-json\/wp\/v2\/media?parent=38829"}],"wp:term":[{"taxonomy":"category","embeddable":true,"href":"http:\/\/jornaldeitaipava.com.br\/index.php\/wp-json\/wp\/v2\/categories?post=38829"},{"taxonomy":"post_tag","embeddable":true,"href":"http:\/\/jornaldeitaipava.com.br\/index.php\/wp-json\/wp\/v2\/tags?post=38829"}],"curies":[{"name":"wp","href":"https:\/\/api.w.org\/{rel}","templated":true}]}}