{"id":38835,"date":"2024-03-21T13:31:32","date_gmt":"2024-03-21T16:31:32","guid":{"rendered":"http:\/\/jornaldeitaipava.com.br\/?p=38835"},"modified":"2024-03-21T13:31:34","modified_gmt":"2024-03-21T16:31:34","slug":"concer-faz-recomendacoes-usuarios-da-br-040-durante-chuvas","status":"publish","type":"post","link":"http:\/\/jornaldeitaipava.com.br\/index.php\/2024\/03\/21\/concer-faz-recomendacoes-usuarios-da-br-040-durante-chuvas\/","title":{"rendered":"Concer faz recomenda\u00e7\u00f5es usu\u00e1rios da BR 040 durante chuvas"},"content":{"rendered":"\n<p>Com a previs\u00e3o da meteorologia de chuvas extremas para o estado do Rio de Janeiro, inclusive para a Regi\u00e3o Serrana, a partir da noite desta quinta-feira (21), a Concer, concession\u00e1ria que administra a BR 040, fez algumas recomenda\u00e7\u00f5es importantes para os usu\u00e1rios da via e colocou seus canais de comunica\u00e7\u00e3o a disposi\u00e7\u00e3o para mais informa\u00e7\u00f5es.<\/p>\n\n\n\n<blockquote class=\"wp-block-quote\">\n<p>Antes de pegar a estrada, confira em tempo real as condi\u00e7\u00f5es de tr\u00e2nsito e de clima da BR-040 pela central de atendimento ao usu\u00e1rio pelo 0800-2820040. O servi\u00e7o funciona 24 horas por dia.<\/p>\n\n\n\n<p>Evite trafegar pela rodovia durante tempestades.<\/p>\n\n\n\n<p>Durante chuvas extremas, evite principalmente trechos da baixada fluminense onde o grande adensamento urbano e a exist\u00eancia de cursos d\u2019\u00e1gua assoreados facilitam a ocorr\u00eancia de inunda\u00e7\u00f5es em pontos mais cr\u00edticos, bloqueando o fluxo de ve\u00edculos.<\/p>\n\n\n\n<p>Nessas mesmas circunst\u00e2ncias, evite tamb\u00e9m a serra de petr\u00f3polis, em especial, a pista de subida (sentido juiz de fora). em ocasi\u00f5es de chuvas concentradas, os dois sentidos do trecho est\u00e3o sujeitos a quedas de \u00e1rvores e deslizamentos de terra e de fragmentos rochosos.<\/p>\n\n\n\n<p>Equipes operacionais da concession\u00e1ria est\u00e3o de prontid\u00e3o em tempo integral para o atendimento a qualquer tipo de ocorr\u00eancia causada por fen\u00f4menos clim\u00e1ticos.<\/p>\n\n\n\n<p>A concession\u00e1ria pode recorrer a interdi\u00e7\u00f5es preventivas por raz\u00f5es de seguran\u00e7a vi\u00e1ria.<\/p>\n<\/blockquote>\n","protected":false},"excerpt":{"rendered":"<p>Com a previs\u00e3o da meteorologia de chuvas extremas para o estado do Rio de Janeiro,<\/p>\n","protected":false},"author":1,"featured_media":10506,"comment_status":"closed","ping_status":"open","sticky":false,"template":"","format":"standard","meta":{"spay_email":"","footnotes":"","jetpack_publicize_message":""},"categories":[2],"tags":[],"jetpack_featured_media_url":"https:\/\/i0.wp.com\/jornaldeitaipava.com.br\/wp-content\/uploads\/2021\/02\/br-040.jpg?fit=528%2C342","jetpack_publicize_connections":[],"jetpack_sharing_enabled":true,"jetpack_likes_enabled":true,"jetpack-related-posts":[],"_links":{"self":[{"href":"http:\/\/jornaldeitaipava.com.br\/index.php\/wp-json\/wp\/v2\/posts\/38835"}],"collection":[{"href":"http:\/\/jornaldeitaipava.com.br\/index.php\/wp-json\/wp\/v2\/posts"}],"about":[{"href":"http:\/\/jornaldeitaipava.com.br\/index.php\/wp-json\/wp\/v2\/types\/post"}],"author":[{"embeddable":true,"href":"http:\/\/jornaldeitaipava.com.br\/index.php\/wp-json\/wp\/v2\/users\/1"}],"replies":[{"embeddable":true,"href":"http:\/\/jornaldeitaipava.com.br\/index.php\/wp-json\/wp\/v2\/comments?post=38835"}],"version-history":[{"count":1,"href":"http:\/\/jornaldeitaipava.com.br\/index.php\/wp-json\/wp\/v2\/posts\/38835\/revisions"}],"predecessor-version":[{"id":38836,"href":"http:\/\/jornaldeitaipava.com.br\/index.php\/wp-json\/wp\/v2\/posts\/38835\/revisions\/38836"}],"wp:featuredmedia":[{"embeddable":true,"href":"http:\/\/jornaldeitaipava.com.br\/index.php\/wp-json\/wp\/v2\/media\/10506"}],"wp:attachment":[{"href":"http:\/\/jornaldeitaipava.com.br\/index.php\/wp-json\/wp\/v2\/media?parent=38835"}],"wp:term":[{"taxonomy":"category","embeddable":true,"href":"http:\/\/jornaldeitaipava.com.br\/index.php\/wp-json\/wp\/v2\/categories?post=38835"},{"taxonomy":"post_tag","embeddable":true,"href":"http:\/\/jornaldeitaipava.com.br\/index.php\/wp-json\/wp\/v2\/tags?post=38835"}],"curies":[{"name":"wp","href":"https:\/\/api.w.org\/{rel}","templated":true}]}}