{"id":50974,"date":"2026-04-05T09:59:14","date_gmt":"2026-04-05T12:59:14","guid":{"rendered":"http:\/\/jornaldeitaipava.com.br\/?p=50974"},"modified":"2026-04-05T09:59:19","modified_gmt":"2026-04-05T12:59:19","slug":"super-mario-bros-galaxy-o-filme-estreia-no-cinemaxx-bauhaus-exclusive-com-aventura-galactica-e-programacao-variada-ate-8-de-abril","status":"publish","type":"post","link":"http:\/\/jornaldeitaipava.com.br\/index.php\/2026\/04\/05\/super-mario-bros-galaxy-o-filme-estreia-no-cinemaxx-bauhaus-exclusive-com-aventura-galactica-e-programacao-variada-ate-8-de-abril\/","title":{"rendered":"\u201cSuper Mario Bros Galaxy: O Filme\u201d estreia no Cinemaxx Bauhaus Exclusive com aventura gal\u00e1ctica e programa\u00e7\u00e3o variada at\u00e9 8 de abril"},"content":{"rendered":"\n<p>Exibi\u00e7\u00e3o inclui \u201cVelhos Bandidos\u201d e \u201cNuremberg\u201d, que seguem em cartaz com sess\u00f5es especiais ao longo da semana<\/p>\n\n\n\n<p>A programa\u00e7\u00e3o do Cinemaxx Bauhaus Exclusive, localizado na Rua Dr. Nelson de S\u00e1 Earp, 88, no Centro de Petr\u00f3polis, come\u00e7a nesta quinta-feira (02\/04) e segue at\u00e9 a quarta-feira, dia 8, trazendo como principal novidade a estreia de \u201cSuper Mario Bros Galaxy: O Filme\u201d, al\u00e9m da perman\u00eancia de \u201cVelhos Bandidos\u201d e \u201cNuremberg\u201d, com sess\u00f5es em diferentes dias e hor\u00e1rios, oferecendo ao p\u00fablico op\u00e7\u00f5es que v\u00e3o da anima\u00e7\u00e3o familiar ao drama hist\u00f3rico, com o objetivo de atender a diferentes faixas et\u00e1rias.<\/p>\n\n\n\n<p>\u201cSuper Mario Bros Galaxy: O Filme\u201d, uma anima\u00e7\u00e3o que mistura aventura, a\u00e7\u00e3o e fantasia, chega como estreia da semana com classifica\u00e7\u00e3o indicativa de 6 anos e sess\u00f5es em vers\u00e3o 2D dublada \u00e0s 14h20, 16h20 e 18h20, com exce\u00e7\u00e3o das segundas-feiras, quando n\u00e3o haver\u00e1 exibi\u00e7\u00e3o. A produ\u00e7\u00e3o apresenta uma nova jornada do ic\u00f4nico encanador Mario, que, ap\u00f3s salvar o Reino dos Cogumelos, parte para uma aventura intergal\u00e1ctica ao lado de seus aliados para enfrentar um novo e amea\u00e7ador vil\u00e3o. O filme aposta em uma narrativa din\u00e2mica, repleta de momentos emocionantes e sequ\u00eancias de a\u00e7\u00e3o, ampliando o universo j\u00e1 conhecido pelos f\u00e3s e conquistando tamb\u00e9m o p\u00fablico infantil com sua est\u00e9tica vibrante e ritmo acelerado.<\/p>\n\n\n\n<p>\u201cVelhos Bandidos\u201d, com\u00e9dia policial brasileira em sua segunda semana em cartaz, tem classifica\u00e7\u00e3o de 14 anos e sess\u00f5es \u00e0s 20h20, exclusivamente na sexta-feira, domingo e quarta-feira. O longa acompanha o inusitado plano de assalto arquitetado por um casal de aposentados, Marta e Rodolfo, interpretados por Fernanda Montenegro e Ary Fontoura, que decidem executar o roubo perfeito com a ajuda de um casal mais jovem. A trama se desenvolve a partir do contraste geracional e das situa\u00e7\u00f5es inesperadas que surgem durante o planejamento e execu\u00e7\u00e3o do crime, incluindo a persegui\u00e7\u00e3o de um investigador persistente, interpretado por L\u00e1zaro Ramos, trazendo humor e tens\u00e3o em doses equilibradas.<\/p>\n\n\n\n<p>\u201cNuremberg\u201d, drama hist\u00f3rico tamb\u00e9m em sua segunda semana, possui classifica\u00e7\u00e3o indicativa de 16 anos e conta com sess\u00f5es \u00e0s 20h20 em dias espec\u00edficos: vers\u00e3o dublada no s\u00e1bado, e vers\u00e3o legendada na quinta-feira e ter\u00e7a-feira. Ambientado no p\u00f3s-Segunda Guerra Mundial, o filme retrata os julgamentos de l\u00edderes nazistas em 1945, com foco no psiquiatra Douglas Kelley, respons\u00e1vel por avaliar a sanidade dos acusados. Paralelamente, o promotor Robert H. Jackson conduz o processo judicial que busca responsabilizar o regime pelos crimes do Holocausto. A narrativa ganha profundidade ao explorar o confronto psicol\u00f3gico entre Kelley e Hermann G\u00f6ring, revelando reflex\u00f5es sobre moralidade, poder e a natureza do mal em um contexto hist\u00f3rico marcante.<\/p>\n\n\n\n<p>Al\u00e9m da programa\u00e7\u00e3o regular, o Cinemaxx tamb\u00e9m anunciou a abertura de vendas antecipadas para dois t\u00edtulos aguardados: no dia 8 de abril ter\u00e1 in\u00edcio a venda de ingressos para \u201cMichael\u201d, e no dia 9 para \u201cO Diabo Veste Prada 2.<\/p>\n\n\n\n<p>Ingressos, itens da bomboniere como pipoca, \u00e1gua, refrigerante podem ser adquiridos diretamente na bilheteria das unidades com pagamentos em dinheiro, cart\u00e3o e PIX.<\/p>\n\n\n\n<p>Para os amantes de cinema e promo\u00e7\u00f5es a sugest\u00e3o da Rede Cinemaxxx e fazer parte do Clube Cinemaxx. O cadastro \u00e9 r\u00e1pido, f\u00e1cil e gratuito e participando do Clube o cliente fica por dentro de todas as promo\u00e7\u00f5es exclusivas e vantagens. Basta baixar gratuitamente o App Cinemaxx, dispon\u00edvel para Android e IOS, fazer o cadastro no Clube e aproveitar. As promo\u00e7\u00f5es s\u00e3o individuais, n\u00e3o cumulativas, v\u00e1lidas por tempo indeterminado. Ao se cadastrar o cliente Clube Cinemaxx ganha imediatamente 1 ingresso e 3 pontos.<\/p>\n\n\n\n<p>No App Cinemaxx, os cadastrados no Clube Cinemaxx, al\u00e9m de adquirirem tudo com anteced\u00eancia acumulam pontos que podem ser trocados por ingressos e pipoca, bem como possuem uma s\u00e9rie de promo\u00e7\u00f5es e vantagens exclusivas.<\/p>\n\n\n\n<p>\u00c9 importante ressaltar que a Rede Cinemaxx funciona com sistema de lugar marcado. Na pr\u00e1tica a escolha dos lugares \u00e9 realizada na primeira etapa de compra, logo ap\u00f3s clicar no hor\u00e1rio da sess\u00e3o desejada. \u201cNeste momento o cliente tem a oportunidade de escolher estar mais perto da tela, no meio da sala ou no fundo, al\u00e9m disso o expectador pode escolher estar mais perto do corredor ou bem no meio da fileira. Importante \u00e9 entender que comprando com lugar marcado \u00e9 necess\u00e1rio sentar-se exatamente no local selecionado para que n\u00e3o haja transtorno para os demais clientes que tamb\u00e9m selecionaram seus lugares\u201d, ponderou Gilberto.<\/p>\n\n\n\n<p>Mais informa\u00e7\u00f5es, bem como a programa\u00e7\u00e3o completa com os hor\u00e1rios, sinopse dias e trailers podem ser obtidas pelo espectador atrav\u00e9s do APP \u201cCinemaxx\u201d, no site www.cinemaxx.com.br, no Instagram @redecinemaxx ou ainda solicitando as novidades atrav\u00e9s do WhatsApp (21) 97141-6832.<\/p>\n","protected":false},"excerpt":{"rendered":"<p>Exibi\u00e7\u00e3o inclui \u201cVelhos Bandidos\u201d e \u201cNuremberg\u201d, que seguem em cartaz com sess\u00f5es especiais ao longo<\/p>\n","protected":false},"author":1,"featured_media":50975,"comment_status":"closed","ping_status":"open","sticky":false,"template":"","format":"standard","meta":{"spay_email":"","footnotes":"","jetpack_publicize_message":""},"categories":[1],"tags":[],"jetpack_featured_media_url":"https:\/\/i1.wp.com\/jornaldeitaipava.com.br\/wp-content\/uploads\/2026\/04\/WhatsApp-Image-2026-04-02-at-10.10.11.jpeg?fit=984%2C514","jetpack_publicize_connections":[],"jetpack_sharing_enabled":true,"jetpack_likes_enabled":true,"jetpack-related-posts":[],"_links":{"self":[{"href":"http:\/\/jornaldeitaipava.com.br\/index.php\/wp-json\/wp\/v2\/posts\/50974"}],"collection":[{"href":"http:\/\/jornaldeitaipava.com.br\/index.php\/wp-json\/wp\/v2\/posts"}],"about":[{"href":"http:\/\/jornaldeitaipava.com.br\/index.php\/wp-json\/wp\/v2\/types\/post"}],"author":[{"embeddable":true,"href":"http:\/\/jornaldeitaipava.com.br\/index.php\/wp-json\/wp\/v2\/users\/1"}],"replies":[{"embeddable":true,"href":"http:\/\/jornaldeitaipava.com.br\/index.php\/wp-json\/wp\/v2\/comments?post=50974"}],"version-history":[{"count":1,"href":"http:\/\/jornaldeitaipava.com.br\/index.php\/wp-json\/wp\/v2\/posts\/50974\/revisions"}],"predecessor-version":[{"id":50976,"href":"http:\/\/jornaldeitaipava.com.br\/index.php\/wp-json\/wp\/v2\/posts\/50974\/revisions\/50976"}],"wp:featuredmedia":[{"embeddable":true,"href":"http:\/\/jornaldeitaipava.com.br\/index.php\/wp-json\/wp\/v2\/media\/50975"}],"wp:attachment":[{"href":"http:\/\/jornaldeitaipava.com.br\/index.php\/wp-json\/wp\/v2\/media?parent=50974"}],"wp:term":[{"taxonomy":"category","embeddable":true,"href":"http:\/\/jornaldeitaipava.com.br\/index.php\/wp-json\/wp\/v2\/categories?post=50974"},{"taxonomy":"post_tag","embeddable":true,"href":"http:\/\/jornaldeitaipava.com.br\/index.php\/wp-json\/wp\/v2\/tags?post=50974"}],"curies":[{"name":"wp","href":"https:\/\/api.w.org\/{rel}","templated":true}]}}