{"id":51020,"date":"2026-04-07T17:33:13","date_gmt":"2026-04-07T20:33:13","guid":{"rendered":"http:\/\/jornaldeitaipava.com.br\/?p=51020"},"modified":"2026-04-07T17:33:21","modified_gmt":"2026-04-07T20:33:21","slug":"der-rj-moderniza-635-pontos-com-iluminacao-de-led-em-estradas-estaduais","status":"publish","type":"post","link":"http:\/\/jornaldeitaipava.com.br\/index.php\/2026\/04\/07\/der-rj-moderniza-635-pontos-com-iluminacao-de-led-em-estradas-estaduais\/","title":{"rendered":"DER-RJ moderniza 635 pontos com ilumina\u00e7\u00e3o de LED em estradas estaduais"},"content":{"rendered":"\n<p><strong>RJs 107 e 134 ficar\u00e3o mais seguras, com 390 pontos na Serra da Estrela e 245 entre a Posse e Areal<\/strong><\/p>\n\n\n\n<p>O Departamento de Estradas de Rodagem do Estado do Rio de Janeiro \u2013 DER-RJ, est\u00e1 instalando 635 pontos de ilumina\u00e7\u00e3o de LED em rodovias estaduais que ligam Petr\u00f3polis a munic\u00edpios vizinhos. O servi\u00e7o dar\u00e1 mais seguran\u00e7a a moradores do munic\u00edpio de Areal, e tamb\u00e9m do distrito da Posse e da Serra Velha da Estrela, em Petr\u00f3polis. A interven\u00e7\u00e3o melhora tamb\u00e9m as condi\u00e7\u00f5es de tr\u00e1fego para condutores que utilizam as RJs 107 e 134.<\/p>\n\n\n\n<p>Na RJ- 134 a melhoria na ilumina\u00e7\u00e3o est\u00e1 sendo feita no trecho entre o munic\u00edpio de Areal e o distrito da Posse (Petr\u00f3polis). Ali ser\u00e1 feita a moderniza\u00e7\u00e3o, como 245 pontos instalados, al\u00e9m de servi\u00e7o de manuten\u00e7\u00e3o em dois quil\u00f4metros da rede j\u00e1 existente. Ao todo o servi\u00e7o alcan\u00e7a uma extens\u00e3o de 7,5 quil\u00f4metros da Estrada. S\u00e3o cinco quil\u00f4metros e meio de manuten\u00e7\u00e3o da rede no distrito de Posse em Petr\u00f3polis e mais dois quil\u00f4metros em Areal.<\/p>\n\n\n\n<ul>\n<li>O fluxo de ve\u00edculos nesta estrada \u00e9 muito grande. Trabalho como diretora em uma escola em Areal que atende alunos especiais, alguns moram na Posse e precisam passar por aqui todos os dias. A ilumina\u00e7\u00e3o estava muito prec\u00e1ria. Este servi\u00e7o do DER \u00e9 uma conquista pra todos n\u00f3s que precisamos desta estrada \u2013 afirma Marilene Moreira, que mora em Areal e \u00e9 l\u00edder do movimento por moradia no munic\u00edpio.<\/li>\n<\/ul>\n\n\n\n<p>Em Areal, o DER-RJ vai fazer tamb\u00e9m a moderniza\u00e7\u00e3o das instala\u00e7\u00f5es com substitui\u00e7\u00e3o por lumin\u00e1rias de Led de 200W. Ser\u00e3o cerca de 275 lumin\u00e1rias, al\u00e9m de cabeamento e bra\u00e7os pertinentes.<\/p>\n\n\n\n<ul>\n<li>A gente precisava muito deste servi\u00e7o. Al\u00e9m de melhorar as condi\u00e7\u00f5es para quem passa de carro, esta ilumina\u00e7\u00e3o dar\u00e1 mais seguran\u00e7a para muitos moradores que transitam a p\u00e9 ou de bicicleta; \u00e9 mais seguran\u00e7a tamb\u00e9m para as mulheres que passam por aqui. A ilumina\u00e7\u00e3o tamb\u00e9m favorece a preserva\u00e7\u00e3o ambiental pois ajuda a coibir irregularidades como o descarte irregular de res\u00edduos \u2013 destaca o prefeito de Areal, Gutinho Bernardes, que convidou o ex-secret\u00e1rio do Ambiente e Sustentabilidade Bernardo Rossi para estar em Areal, conversando com moradores na manh\u00e3 desta ter\u00e7a-feira (07.04).<br>A presidente do Movimento do Aluguel Social e Moradia de Petr\u00f3polis e moradora do distrito da Posse, Cl\u00e1udia Renata Ramos esteve presente, assim como o vereador de Petr\u00f3polis Junior Paix\u00e3o e os vereadores de Areal, Danilo Gouveia e Samuel Severino.<\/li>\n<\/ul>\n\n\n\n<p><strong>Serra da Estrela tamb\u00e9m recebe mais ilumina\u00e7\u00e3o<\/strong><\/p>\n\n\n\n<p>O DER-RJ tamb\u00e9m realiza o servi\u00e7o na Serra Velha da Estrela (RJ \u2013 107). Ali o departamento est\u00e1 modernizando desde o m\u00eas passado a rede de ilumina\u00e7\u00e3o com a instala\u00e7\u00e3o de 390 lumin\u00e1rias de LED 200wtz; cerca de 4.000 metros de rede media\/baixa tens\u00e3o e instala\u00e7\u00e3o de 30 postes met\u00e1licos. O DER-RJ tamb\u00e9m faz a limpeza e desobstru\u00e7\u00e3o na rede de drenagem no acesso entre Petr\u00f3polis e Mag\u00e9. A melhoria alcan\u00e7a um trecho de 12 quil\u00f4metros e dar\u00e1 mais seguran\u00e7a a moradores como Luciana Carreiro, que mora na Serra da Estrela h\u00e1 quase 20 anos.<\/p>\n\n\n\n<ul>\n<li>Aqui na Serra Velha chove, tem muita neblina e a visibilidade para dirigir e at\u00e9 mesmo pra andar a p\u00e9 por aqui \u00e9 muito ruim. N\u00f3s moradores conhecemos bem a estrada, mas muitos motoristas que passam aqui n\u00e3o conhecem, ent\u00e3o de vez em quando algum carro sai da pista e cai na vala. A melhoria na ilumina\u00e7\u00e3o aqui \u00e9 uma quest\u00e3o de seguran\u00e7a para motoristas, pra n\u00f3s moradores e at\u00e9 pros alunos, pois a escola tem aulas no turno da noite \u2013 destaca a moradora.<\/li>\n<\/ul>\n\n\n\n<p>A tecnologia LED fortalece a seguran\u00e7a vi\u00e1ria, uma vez que proporciona melhor visibilidade noturna, reduzindo o \u00edndice de acidentes. Este tipo de ilumina\u00e7\u00e3o em estradas e rodovias oferece benef\u00edcios como a economia de at\u00e9 80% de energia se comparada \u00e0s l\u00e2mpadas tradicionais; longa durabilidade, reduzindo a necessidade de manuten\u00e7\u00e3o frequente. O uso de ilumina\u00e7\u00e3o de LED tamb\u00e9m causa menor impacto ambiental.<\/p>\n\n\n\n<p>Na pr\u00e1tica o servi\u00e7o significa que os condutores ter\u00e3o uma estrada com melhor visibilidade pra dirigir, o que ajuda a reduzir os acidentes. Quem transita de moto, de bicicleta e at\u00e9 mesmo a p\u00e9 tamb\u00e9m estar\u00e1 mais seguro com os investimentos em ilumina\u00e7\u00e3o.<\/p>\n","protected":false},"excerpt":{"rendered":"<p>O Departamento de Estradas de Rodagem do Estado do Rio de Janeiro \u2013 DER-RJ, est\u00e1 instalando 635 pontos de ilumina\u00e7\u00e3o de LED em rodovias estaduais que ligam Petr\u00f3polis a munic\u00edpios vizinhos. O servi\u00e7o dar\u00e1 mais seguran\u00e7a a moradores do munic\u00edpio de Areal, e tamb\u00e9m do distrito da Posse e da Serra Velha da Estrela, em Petr\u00f3polis. A interven\u00e7\u00e3o melhora tamb\u00e9m as condi\u00e7\u00f5es de tr\u00e1fego para condutores que utilizam as RJs 107 e 134.<\/p>\n","protected":false},"author":1,"featured_media":51021,"comment_status":"closed","ping_status":"open","sticky":false,"template":"","format":"standard","meta":{"spay_email":"","footnotes":"","jetpack_publicize_message":""},"categories":[2],"tags":[],"jetpack_featured_media_url":"https:\/\/i2.wp.com\/jornaldeitaipava.com.br\/wp-content\/uploads\/2026\/04\/WhatsApp-Image-2026-04-07-at-16.36.29.jpeg?fit=1280%2C757","jetpack_publicize_connections":[],"jetpack_sharing_enabled":true,"jetpack_likes_enabled":true,"jetpack-related-posts":[],"_links":{"self":[{"href":"http:\/\/jornaldeitaipava.com.br\/index.php\/wp-json\/wp\/v2\/posts\/51020"}],"collection":[{"href":"http:\/\/jornaldeitaipava.com.br\/index.php\/wp-json\/wp\/v2\/posts"}],"about":[{"href":"http:\/\/jornaldeitaipava.com.br\/index.php\/wp-json\/wp\/v2\/types\/post"}],"author":[{"embeddable":true,"href":"http:\/\/jornaldeitaipava.com.br\/index.php\/wp-json\/wp\/v2\/users\/1"}],"replies":[{"embeddable":true,"href":"http:\/\/jornaldeitaipava.com.br\/index.php\/wp-json\/wp\/v2\/comments?post=51020"}],"version-history":[{"count":1,"href":"http:\/\/jornaldeitaipava.com.br\/index.php\/wp-json\/wp\/v2\/posts\/51020\/revisions"}],"predecessor-version":[{"id":51022,"href":"http:\/\/jornaldeitaipava.com.br\/index.php\/wp-json\/wp\/v2\/posts\/51020\/revisions\/51022"}],"wp:featuredmedia":[{"embeddable":true,"href":"http:\/\/jornaldeitaipava.com.br\/index.php\/wp-json\/wp\/v2\/media\/51021"}],"wp:attachment":[{"href":"http:\/\/jornaldeitaipava.com.br\/index.php\/wp-json\/wp\/v2\/media?parent=51020"}],"wp:term":[{"taxonomy":"category","embeddable":true,"href":"http:\/\/jornaldeitaipava.com.br\/index.php\/wp-json\/wp\/v2\/categories?post=51020"},{"taxonomy":"post_tag","embeddable":true,"href":"http:\/\/jornaldeitaipava.com.br\/index.php\/wp-json\/wp\/v2\/tags?post=51020"}],"curies":[{"name":"wp","href":"https:\/\/api.w.org\/{rel}","templated":true}]}}