{"id":51415,"date":"2026-04-28T11:08:01","date_gmt":"2026-04-28T14:08:01","guid":{"rendered":"http:\/\/jornaldeitaipava.com.br\/?p=51415"},"modified":"2026-04-28T11:08:04","modified_gmt":"2026-04-28T14:08:04","slug":"soberaninho-encanta-familias-com-claudio-nucci-e-transforma-o-soberano-jazz-club-em-picadeiro-musical","status":"publish","type":"post","link":"http:\/\/jornaldeitaipava.com.br\/index.php\/2026\/04\/28\/soberaninho-encanta-familias-com-claudio-nucci-e-transforma-o-soberano-jazz-club-em-picadeiro-musical\/","title":{"rendered":"Soberaninho encanta fam\u00edlias com Claudio Nucci e transforma o Soberano Jazz Club em picadeiro musical"},"content":{"rendered":"\n<p>O \u00faltimo domingo (26) foi marcado por sorrisos, m\u00fasica e uma invas\u00e3o de cores no Soberano Jazz Club. O projeto Soberaninho apresentou o espet\u00e1culo \u201cCabe\u00e7a de Vento\u201d, liderado pelo cantor Claudio Nucci, em uma manh\u00e3 de sol que reuniu fam\u00edlias de toda a regi\u00e3o para celebrar a ludicidade e a cultura brasileira.<\/p>\n\n\n\n<p>O show, que contou com a parceria de Dri Gon\u00e7alves e Rafael Lorga, trouxe um repert\u00f3rio solar que navegou entre composi\u00e7\u00f5es autorais de Nucci, como \u201cAprender a Ler\u201d, e cl\u00e1ssicos imortais de Toquinho e Vin\u00edcius, como \u201cA Casa\u201d. A crian\u00e7ada n\u00e3o ficou parada e soltou a voz com o hit \u201cFico Assim Sem Voc\u00ea\u201d, provando que a boa m\u00fasica atravessa gera\u00e7\u00f5es.<\/p>\n\n\n\n<p>M\u00fasica e Arte Circense<br>Nesta edi\u00e7\u00e3o, a experi\u00eancia foi amplificada pela magia do circo. Enquanto os acordes de Nucci preenchiam o sal\u00e3o, a dupla Malabaguita encantou a crian\u00e7ada com malabares precisos, e os palha\u00e7os Ant\u00f4nio Valladares &amp; Julia Fernandes garantiram a gargalhada geral; todos tamb\u00e9m ficaram encantados com a Companhia de Inventos e seus marionetes. O ambiente do Soberano deu lugar a um verdadeiro picadeiro musical, estimulando a imagina\u00e7\u00e3o e a escuta ativa dos pequenos.<\/p>\n\n\n\n<p>&#8220;Ver o Soberano ocupado por essa energia vibrante das crian\u00e7as \u00e9 a realiza\u00e7\u00e3o de um sonho. Queremos que este espa\u00e7o seja, acima de tudo, um lugar de encontro e forma\u00e7\u00e3o de plateia&#8221;, celebra Raquel Saraceni, s\u00f3cia do Soberano.<\/p>\n\n\n\n<p>Educa\u00e7\u00e3o e impacto Social<br>O sucesso de p\u00fablico no palco principal \u00e9 apenas a &#8220;ponta do iceberg&#8221; do impacto do projeto. O Festival Soberaninho, patrocinado pela GE Aerospace e pelo Governo do Estado do Rio de Janeiro (via Lei Estadual de Incentivo \u00e0 Cultura), possui um bra\u00e7o educativo robusto. O Soberaninho nas Escolas j\u00e1 est\u00e1 em plena atividade, levando oficinas e apresenta\u00e7\u00f5es para a rede p\u00fablica de Petr\u00f3polis, com a meta de impactar 4 mil alunos e capacitar 80 professores at\u00e9 junho.<\/p>\n\n\n\n<p>Confira as pr\u00f3ximas atra\u00e7\u00f5es em maio:<\/p>\n\n\n\n<ul>\n<li>Marcelo Caldi (03\/05) \u2013 Com o Repentista Edmilson Santini.<\/li>\n\n\n\n<li>Juliana Pinheiro e Marcelo Coutinho (17\/05) \u2013 em Os Bichos Cantam Arca de No\u00e9, Saltimbancos e Adivinha o que \u00e9 com Cristina Ferreira, contadora de hist\u00f3rias.<\/li>\n\n\n\n<li>M\u00e3os a \u00d3pera (24\/05) \u2013 espet\u00e1culo da Soprano Daniella Carvalho com o Pianista Vitor Philomeno &#8211; Com participa\u00e7\u00e3o da Palha\u00e7a Let\u00edcia Medella.<\/li>\n<\/ul>\n","protected":false},"excerpt":{"rendered":"<p>O \u00faltimo domingo (26) foi marcado por sorrisos, m\u00fasica e uma invas\u00e3o de cores no<\/p>\n","protected":false},"author":1,"featured_media":51416,"comment_status":"closed","ping_status":"open","sticky":false,"template":"","format":"standard","meta":{"spay_email":"","footnotes":"","jetpack_publicize_message":""},"categories":[42],"tags":[],"jetpack_featured_media_url":"https:\/\/i0.wp.com\/jornaldeitaipava.com.br\/wp-content\/uploads\/2026\/04\/WhatsApp-Image-2026-04-28-at-09.56.37.jpeg?fit=1280%2C960","jetpack_publicize_connections":[],"jetpack_sharing_enabled":true,"jetpack_likes_enabled":true,"jetpack-related-posts":[],"_links":{"self":[{"href":"http:\/\/jornaldeitaipava.com.br\/index.php\/wp-json\/wp\/v2\/posts\/51415"}],"collection":[{"href":"http:\/\/jornaldeitaipava.com.br\/index.php\/wp-json\/wp\/v2\/posts"}],"about":[{"href":"http:\/\/jornaldeitaipava.com.br\/index.php\/wp-json\/wp\/v2\/types\/post"}],"author":[{"embeddable":true,"href":"http:\/\/jornaldeitaipava.com.br\/index.php\/wp-json\/wp\/v2\/users\/1"}],"replies":[{"embeddable":true,"href":"http:\/\/jornaldeitaipava.com.br\/index.php\/wp-json\/wp\/v2\/comments?post=51415"}],"version-history":[{"count":1,"href":"http:\/\/jornaldeitaipava.com.br\/index.php\/wp-json\/wp\/v2\/posts\/51415\/revisions"}],"predecessor-version":[{"id":51417,"href":"http:\/\/jornaldeitaipava.com.br\/index.php\/wp-json\/wp\/v2\/posts\/51415\/revisions\/51417"}],"wp:featuredmedia":[{"embeddable":true,"href":"http:\/\/jornaldeitaipava.com.br\/index.php\/wp-json\/wp\/v2\/media\/51416"}],"wp:attachment":[{"href":"http:\/\/jornaldeitaipava.com.br\/index.php\/wp-json\/wp\/v2\/media?parent=51415"}],"wp:term":[{"taxonomy":"category","embeddable":true,"href":"http:\/\/jornaldeitaipava.com.br\/index.php\/wp-json\/wp\/v2\/categories?post=51415"},{"taxonomy":"post_tag","embeddable":true,"href":"http:\/\/jornaldeitaipava.com.br\/index.php\/wp-json\/wp\/v2\/tags?post=51415"}],"curies":[{"name":"wp","href":"https:\/\/api.w.org\/{rel}","templated":true}]}}