{"id":51418,"date":"2026-04-28T11:11:50","date_gmt":"2026-04-28T14:11:50","guid":{"rendered":"http:\/\/jornaldeitaipava.com.br\/?p=51418"},"modified":"2026-04-28T11:11:51","modified_gmt":"2026-04-28T14:11:51","slug":"domingueira-celebra-aniversario-de-joao-victor-ramos-com-edicao-especial-em-petropolis","status":"publish","type":"post","link":"http:\/\/jornaldeitaipava.com.br\/index.php\/2026\/04\/28\/domingueira-celebra-aniversario-de-joao-victor-ramos-com-edicao-especial-em-petropolis\/","title":{"rendered":"Domingueira celebra anivers\u00e1rio de Jo\u00e3o Victor Ramos com edi\u00e7\u00e3o especial em Petr\u00f3polis"},"content":{"rendered":"\n<p>Samba e choro conduzem encontro que re\u00fane m\u00fasicos e p\u00fablico<\/p>\n\n\n\n<p>A cena musical de Petr\u00f3polis ganha um motivo especial para celebrar no pr\u00f3ximo dia 3 de maio. A tradicional Domingueira Samba Choro realiza uma edi\u00e7\u00e3o comemorativa que marca os 24 anos do m\u00fasico Jo\u00e3o Victor Ramos, em um encontro que promete unir m\u00fasica, tradi\u00e7\u00e3o e afeto a partir das 14h.<br>Filho do cavaquinista Jo\u00e3ozinho do Cavaco e de Eliana Ramos, Jo\u00e3o Victor cresceu cercado por instrumentos e rodas musicais \u2014 ambiente que moldou sua trajet\u00f3ria desde cedo. \u201cNasci em uma fam\u00edlia musical, ent\u00e3o isso sempre foi muito natural. Desde pequeno via minha fam\u00edlia tocando e queria fazer parte daquilo\u201d, relembra.<br>Em fase final da gradua\u00e7\u00e3o em m\u00fasica, o artista transforma sua pr\u00f3pria hist\u00f3ria em objeto de estudo. Seu trabalho de conclus\u00e3o de curso investiga a trajet\u00f3ria do pai no cavaquinho, conectando viv\u00eancia pessoal e pesquisa acad\u00eamica. \u201cAl\u00e9m de concluir essa etapa, consigo dar visibilidade \u00e0 hist\u00f3ria dele dentro da universidade\u201d, destaca.<br>Multi-instrumentista, Jo\u00e3o Victor atua no cavaquinho, viol\u00e3o e baixo, participando de diferentes projetos na cidade. Ele tamb\u00e9m d\u00e1 continuidade ao projeto \u201cCaminhando com a M\u00fasica\u201d, idealizado por seu pai, que busca ampliar o acesso ao ensino musical. Em paralelo, mant\u00e9m parcerias frequentes com o irm\u00e3o, Jo\u00e3o Felippe, e se apresenta ao lado da cantora Maria Swenson.<br>No palco, a roda ganha corpo com um coletivo de m\u00fasicos que vem dando identidade ao projeto. Ao lado de Jo\u00e3o Victor Ramos e da cantora Maria Swenson, participam Breno Morais (sax e flauta), Carlos Watkins (sax), Yuri Garrido (bateria), Jo\u00e3o Pedro Gomes (viol\u00e3o), Laio Simas (cavaquinho), Wesley Costalonga (trompete), Arthur Leite (trombone), Nilton Hutter (pandeiro) e Leandro Mattos (pandeiro). Juntos, conduzem uma apresenta\u00e7\u00e3o que equilibra t\u00e9cnica e sensibilidade, transitando entre o samba de raiz e o chorinho.<br>A Domingueira Samba Choro vem se consolidando como um espa\u00e7o de conviv\u00eancia cultural em Petr\u00f3polis. Para Jo\u00e3o Victor, a proposta dialoga diretamente com sua pr\u00f3pria forma\u00e7\u00e3o. \u201cCresci nas rodas de choro do Taru\u00edra, na Mosela. A cidade sente falta desses encontros, que re\u00fanem fam\u00edlia, amigos e m\u00fasica de qualidade\u201d, afirma.<br>A escolha de celebrar o anivers\u00e1rio no evento surgiu de forma espont\u00e2nea. \u201cVou estar com minha fam\u00edlia e amigos, fazendo o que mais gosto. N\u00e3o poderia ser melhor\u201d, resume.<br>A terceira edi\u00e7\u00e3o contar\u00e1 ainda com participa\u00e7\u00f5es especiais, como a presen\u00e7a de Jo\u00e3o Felippe e da jovem Livia Haubrich, aluna do projeto social, refor\u00e7ando o car\u00e1ter formativo da iniciativa e abrindo espa\u00e7o para novos talentos.<br>Ap\u00f3s registrar grande p\u00fablico na \u00faltima edi\u00e7\u00e3o \u2014 com filas na entrada \u2014, a organiza\u00e7\u00e3o estuda implementar a venda antecipada de ingressos nas pr\u00f3ximas datas, buscando melhorar o acesso e a experi\u00eancia do p\u00fablico.<\/p>\n\n\n\n<p><strong>Servi\u00e7o<br><\/strong>Domingueira Samba Choro \u2013 Edi\u00e7\u00e3o Especial de Anivers\u00e1rio de Jo\u00e3o Victor Ramos<br>Data: 3 de maio<br>Hor\u00e1rio: 14h<br>Local: Cervejaria Duas Torres (Rua Padre Siqueira, 325 \u2013 Centro)<br>Ingresso: R$ 20 (venda na porta, sujeito \u00e0 lota\u00e7\u00e3o)<br>Classifica\u00e7\u00e3o: Livre<br>Capacidade: 250 pessoas<\/p>\n","protected":false},"excerpt":{"rendered":"<p>Samba e choro conduzem encontro que re\u00fane m\u00fasicos e p\u00fablico A cena musical de Petr\u00f3polis<\/p>\n","protected":false},"author":1,"featured_media":51419,"comment_status":"closed","ping_status":"open","sticky":false,"template":"","format":"standard","meta":{"spay_email":"","footnotes":"","jetpack_publicize_message":""},"categories":[42],"tags":[],"jetpack_featured_media_url":"https:\/\/i1.wp.com\/jornaldeitaipava.com.br\/wp-content\/uploads\/2026\/04\/WhatsApp-Image-2026-04-28-at-10.19.26-e1777385500197.jpeg?fit=1200%2C904","jetpack_publicize_connections":[],"jetpack_sharing_enabled":true,"jetpack_likes_enabled":true,"jetpack-related-posts":[],"_links":{"self":[{"href":"http:\/\/jornaldeitaipava.com.br\/index.php\/wp-json\/wp\/v2\/posts\/51418"}],"collection":[{"href":"http:\/\/jornaldeitaipava.com.br\/index.php\/wp-json\/wp\/v2\/posts"}],"about":[{"href":"http:\/\/jornaldeitaipava.com.br\/index.php\/wp-json\/wp\/v2\/types\/post"}],"author":[{"embeddable":true,"href":"http:\/\/jornaldeitaipava.com.br\/index.php\/wp-json\/wp\/v2\/users\/1"}],"replies":[{"embeddable":true,"href":"http:\/\/jornaldeitaipava.com.br\/index.php\/wp-json\/wp\/v2\/comments?post=51418"}],"version-history":[{"count":1,"href":"http:\/\/jornaldeitaipava.com.br\/index.php\/wp-json\/wp\/v2\/posts\/51418\/revisions"}],"predecessor-version":[{"id":51420,"href":"http:\/\/jornaldeitaipava.com.br\/index.php\/wp-json\/wp\/v2\/posts\/51418\/revisions\/51420"}],"wp:featuredmedia":[{"embeddable":true,"href":"http:\/\/jornaldeitaipava.com.br\/index.php\/wp-json\/wp\/v2\/media\/51419"}],"wp:attachment":[{"href":"http:\/\/jornaldeitaipava.com.br\/index.php\/wp-json\/wp\/v2\/media?parent=51418"}],"wp:term":[{"taxonomy":"category","embeddable":true,"href":"http:\/\/jornaldeitaipava.com.br\/index.php\/wp-json\/wp\/v2\/categories?post=51418"},{"taxonomy":"post_tag","embeddable":true,"href":"http:\/\/jornaldeitaipava.com.br\/index.php\/wp-json\/wp\/v2\/tags?post=51418"}],"curies":[{"name":"wp","href":"https:\/\/api.w.org\/{rel}","templated":true}]}}