{"id":51429,"date":"2026-04-28T12:06:33","date_gmt":"2026-04-28T15:06:33","guid":{"rendered":"http:\/\/jornaldeitaipava.com.br\/?p=51429"},"modified":"2026-04-28T12:06:34","modified_gmt":"2026-04-28T15:06:34","slug":"prefeitura-de-mage-realiza-festa-do-trabalhador-2026-com-shows-homenagens-e-lancamento-do-tema-dos-461-anos","status":"publish","type":"post","link":"http:\/\/jornaldeitaipava.com.br\/index.php\/2026\/04\/28\/prefeitura-de-mage-realiza-festa-do-trabalhador-2026-com-shows-homenagens-e-lancamento-do-tema-dos-461-anos\/","title":{"rendered":"Prefeitura de Mag\u00e9 realiza Festa do Trabalhador 2026 com shows, homenagens e lan\u00e7amento do tema dos 461 anos"},"content":{"rendered":"\n<p>A Prefeitura de Mag\u00e9 promove, nesta sexta-feira, 1\u00ba de maio, a Festa do Trabalhador 2026. O evento ser\u00e1 realizado na Avenida Cel. Jo\u00e3o Val\u00e9rio, a partir das 19h, com programa\u00e7\u00e3o gratuita que re\u00fane m\u00fasica, valoriza\u00e7\u00e3o dos servidores p\u00fablicos e um momento especial para a cidade: a apresenta\u00e7\u00e3o do tema oficial do anivers\u00e1rio de 461 anos de Mag\u00e9.<\/p>\n\n\n\n<p>A atra\u00e7\u00e3o principal da noite ser\u00e1 o cantor&nbsp;Dilsinho, que sobe ao palco \u00e0s 23h30. Antes, o p\u00fablico poder\u00e1 curtir os shows de Davi Quaresma, Jana Monteiro e apresenta\u00e7\u00f5es dos DJs Alessandro Cruz e Lethh.<\/p>\n\n\n\n<p>Outro destaque da programa\u00e7\u00e3o \u00e9 a 4\u00aa edi\u00e7\u00e3o do Pr\u00eamio Servidor do Ano, que reconhece o trabalho de servidores municipais indicados por cada Secretaria. A homenagem acontece \u00e0s 20h e refor\u00e7a o compromisso da gest\u00e3o com a valoriza\u00e7\u00e3o de quem contribui diariamente para o funcionamento dos servi\u00e7os p\u00fablicos.<\/p>\n\n\n\n<p>A prefeita&nbsp;Jamille Cozzolino&nbsp;destacou a import\u00e2ncia do evento para a cidade.<br>\u201cEssa \u00e9 uma noite de celebra\u00e7\u00e3o e reconhecimento. Vamos homenagear quem faz a cidade acontecer todos os dias e tamb\u00e9m proporcionar um momento de lazer para as fam\u00edlias mageenses. \u00c9 uma forma de agradecer e valorizar cada trabalhador que constr\u00f3i o presente e o futuro de Mag\u00e9\u201d, afirmou.<\/p>\n\n\n\n<p>O secret\u00e1rio municipal de Cultura, Turismo e Eventos,&nbsp;Bruno Louren\u00e7o, tamb\u00e9m ressaltou a proposta do evento.<br>\u201cPreparamos uma programa\u00e7\u00e3o pensada para todos os p\u00fablicos, com artistas locais, grandes atra\u00e7\u00f5es e momentos simb\u00f3licos para a cidade, como o Pr\u00eamio Servidor do Ano e a apresenta\u00e7\u00e3o do tema dos 461 anos. \u00c9 uma festa que une reconhecimento, cultura e entretenimento\u201d, disse.<\/p>\n\n\n\n<p>A noite contar\u00e1 ainda com a apresenta\u00e7\u00e3o oficial do tema dos 461 anos de Mag\u00e9, marcando o in\u00edcio das comemora\u00e7\u00f5es do anivers\u00e1rio do munic\u00edpio.<\/p>\n\n\n\n<p><strong>Programa\u00e7\u00e3o:<\/strong><\/p>\n\n\n\n<ul>\n<li>19h \u2013 Abertura<\/li>\n\n\n\n<li>20h \u2013 Pr\u00eamio Servidor do Ano<\/li>\n\n\n\n<li>20h30 \u2013 DJ Alessandro Cruz<\/li>\n\n\n\n<li>21h \u2013 Jana Monteiro<\/li>\n\n\n\n<li>22h \u2013 Davi Quaresma<\/li>\n\n\n\n<li>23h \u2013 Apresenta\u00e7\u00e3o do tema dos 461 anos de Mag\u00e9<\/li>\n\n\n\n<li>23h30 \u2013&nbsp;Dilsinho<\/li>\n\n\n\n<li>01h30 \u2013 DJ Lethh<\/li>\n\n\n\n<li>03h \u2013 Encerramento<\/li>\n<\/ul>\n\n\n\n<p>A Festa do Trabalhador \u00e9 aberta ao p\u00fablico e faz parte do calend\u00e1rio oficial de eventos do munic\u00edpio.<\/p>\n","protected":false},"excerpt":{"rendered":"<p>A Prefeitura de Mag\u00e9 promove, nesta sexta-feira, 1\u00ba de maio, a Festa do Trabalhador 2026.<\/p>\n","protected":false},"author":1,"featured_media":51430,"comment_status":"closed","ping_status":"open","sticky":false,"template":"","format":"standard","meta":{"spay_email":"","footnotes":"","jetpack_publicize_message":""},"categories":[5],"tags":[],"jetpack_featured_media_url":"https:\/\/i1.wp.com\/jornaldeitaipava.com.br\/wp-content\/uploads\/2026\/04\/FESTA-DO-TRABALHADOR-2025.jpg?fit=1440%2C961","jetpack_publicize_connections":[],"jetpack_sharing_enabled":true,"jetpack_likes_enabled":true,"jetpack-related-posts":[],"_links":{"self":[{"href":"http:\/\/jornaldeitaipava.com.br\/index.php\/wp-json\/wp\/v2\/posts\/51429"}],"collection":[{"href":"http:\/\/jornaldeitaipava.com.br\/index.php\/wp-json\/wp\/v2\/posts"}],"about":[{"href":"http:\/\/jornaldeitaipava.com.br\/index.php\/wp-json\/wp\/v2\/types\/post"}],"author":[{"embeddable":true,"href":"http:\/\/jornaldeitaipava.com.br\/index.php\/wp-json\/wp\/v2\/users\/1"}],"replies":[{"embeddable":true,"href":"http:\/\/jornaldeitaipava.com.br\/index.php\/wp-json\/wp\/v2\/comments?post=51429"}],"version-history":[{"count":1,"href":"http:\/\/jornaldeitaipava.com.br\/index.php\/wp-json\/wp\/v2\/posts\/51429\/revisions"}],"predecessor-version":[{"id":51431,"href":"http:\/\/jornaldeitaipava.com.br\/index.php\/wp-json\/wp\/v2\/posts\/51429\/revisions\/51431"}],"wp:featuredmedia":[{"embeddable":true,"href":"http:\/\/jornaldeitaipava.com.br\/index.php\/wp-json\/wp\/v2\/media\/51430"}],"wp:attachment":[{"href":"http:\/\/jornaldeitaipava.com.br\/index.php\/wp-json\/wp\/v2\/media?parent=51429"}],"wp:term":[{"taxonomy":"category","embeddable":true,"href":"http:\/\/jornaldeitaipava.com.br\/index.php\/wp-json\/wp\/v2\/categories?post=51429"},{"taxonomy":"post_tag","embeddable":true,"href":"http:\/\/jornaldeitaipava.com.br\/index.php\/wp-json\/wp\/v2\/tags?post=51429"}],"curies":[{"name":"wp","href":"https:\/\/api.w.org\/{rel}","templated":true}]}}