{"id":51432,"date":"2026-04-28T12:14:11","date_gmt":"2026-04-28T15:14:11","guid":{"rendered":"http:\/\/jornaldeitaipava.com.br\/?p=51432"},"modified":"2026-04-28T12:14:12","modified_gmt":"2026-04-28T15:14:12","slug":"atencao-entrega-de-kits-da-corrida-do-trabalhador-tem-novas-datas-e-horarios","status":"publish","type":"post","link":"http:\/\/jornaldeitaipava.com.br\/index.php\/2026\/04\/28\/atencao-entrega-de-kits-da-corrida-do-trabalhador-tem-novas-datas-e-horarios\/","title":{"rendered":"Aten\u00e7\u00e3o: Entrega de kits da Corrida do Trabalhador tem novas datas e hor\u00e1rios"},"content":{"rendered":"\n<p class=\"has-text-align-center\"><strong>Mudan\u00e7a ocorreu devido a um atraso na log\u00edstica do fornecedor; retirada come\u00e7a nesta quarta-feira (29\/04) no Centro de Cultura<\/strong><\/p>\n\n\n\n<p>A Prefeitura informa que o cronograma de entrega dos kits para a Corrida do Trabalhador precisou ser alterado. Inicialmente prevista para come\u00e7ar nesta ter\u00e7a-feira, a retirada foi reprogramada devido a um atraso na log\u00edstica do fornecedor, que entregar\u00e1 o material apenas no final do dia de amanh\u00e3.<br>Para garantir que todos os inscritos retirem seus materiais com tranquilidade, o novo calend\u00e1rio de atendimento no Centro de Cultura Raul de Leoni ser\u00e1:<br>Quarta-feira (29\/04): das 15h \u00e0s 20h<br>Quinta-feira (30\/04): das 9h \u00e0s 13h<\/p>\n\n\n\n<p>Solidariedade e Documenta\u00e7\u00e3o<br>Vale lembrar que, para retirar o kit, o atleta deve entregar um sach\u00ea ou lata de leite em p\u00f3. As doa\u00e7\u00f5es ser\u00e3o destinadas a entidades sociais do munic\u00edpio. Caso o corredor n\u00e3o possa comparecer, a retirada por terceiros \u00e9 permitida mediante apresenta\u00e7\u00e3o de autoriza\u00e7\u00e3o e documentos do inscrito.<\/p>\n\n\n\n<p>A Prova<br>A tradicional corrida acontece no feriado de 1\u00ba de maio (sexta-feira), com largada \u00e0s 7h30 na Rua Alfredo Pach\u00e1, em frente ao Pal\u00e1cio de Cristal. O percurso abrange as principais ruas do Centro Hist\u00f3rico, celebrando o esporte e o bem-estar na cidade.<br>Servi\u00e7o Atualizado:<br>Retirada dos Kits \u2013 Corrida do Trabalhador<br>Datas e Hor\u00e1rios: Quarta (29\/04): 15h \u00e0s 20h*<\/p>\n\n\n\n<ul>\n<li>Quinta (30\/04): 09h \u00e0s 13h*<br>Local: Centro de Cultura Raul de Leoni<br>Endere\u00e7o:Pra\u00e7a Visconde de Mau\u00e1, 305 \u2013 Centro (Pra\u00e7a da \u00c1guia)<br>Requisito: Doa\u00e7\u00e3o de 1 leite em p\u00f3 (sach\u00ea ou lata)<\/li>\n<\/ul>\n","protected":false},"excerpt":{"rendered":"<p>Mudan\u00e7a ocorreu devido a um atraso na log\u00edstica do fornecedor; retirada come\u00e7a nesta quarta-feira (29\/04)<\/p>\n","protected":false},"author":1,"featured_media":31412,"comment_status":"closed","ping_status":"open","sticky":false,"template":"","format":"standard","meta":{"spay_email":"","footnotes":"","jetpack_publicize_message":""},"categories":[9],"tags":[],"jetpack_featured_media_url":"https:\/\/i0.wp.com\/jornaldeitaipava.com.br\/wp-content\/uploads\/2022\/10\/corrida-rua.png?fit=482%2C301","jetpack_publicize_connections":[],"jetpack_sharing_enabled":true,"jetpack_likes_enabled":true,"jetpack-related-posts":[],"_links":{"self":[{"href":"http:\/\/jornaldeitaipava.com.br\/index.php\/wp-json\/wp\/v2\/posts\/51432"}],"collection":[{"href":"http:\/\/jornaldeitaipava.com.br\/index.php\/wp-json\/wp\/v2\/posts"}],"about":[{"href":"http:\/\/jornaldeitaipava.com.br\/index.php\/wp-json\/wp\/v2\/types\/post"}],"author":[{"embeddable":true,"href":"http:\/\/jornaldeitaipava.com.br\/index.php\/wp-json\/wp\/v2\/users\/1"}],"replies":[{"embeddable":true,"href":"http:\/\/jornaldeitaipava.com.br\/index.php\/wp-json\/wp\/v2\/comments?post=51432"}],"version-history":[{"count":1,"href":"http:\/\/jornaldeitaipava.com.br\/index.php\/wp-json\/wp\/v2\/posts\/51432\/revisions"}],"predecessor-version":[{"id":51433,"href":"http:\/\/jornaldeitaipava.com.br\/index.php\/wp-json\/wp\/v2\/posts\/51432\/revisions\/51433"}],"wp:featuredmedia":[{"embeddable":true,"href":"http:\/\/jornaldeitaipava.com.br\/index.php\/wp-json\/wp\/v2\/media\/31412"}],"wp:attachment":[{"href":"http:\/\/jornaldeitaipava.com.br\/index.php\/wp-json\/wp\/v2\/media?parent=51432"}],"wp:term":[{"taxonomy":"category","embeddable":true,"href":"http:\/\/jornaldeitaipava.com.br\/index.php\/wp-json\/wp\/v2\/categories?post=51432"},{"taxonomy":"post_tag","embeddable":true,"href":"http:\/\/jornaldeitaipava.com.br\/index.php\/wp-json\/wp\/v2\/tags?post=51432"}],"curies":[{"name":"wp","href":"https:\/\/api.w.org\/{rel}","templated":true}]}}