{"id":51440,"date":"2026-04-28T12:23:33","date_gmt":"2026-04-28T15:23:33","guid":{"rendered":"http:\/\/jornaldeitaipava.com.br\/?p=51440"},"modified":"2026-04-28T12:23:35","modified_gmt":"2026-04-28T15:23:35","slug":"governo-do-brasil-entrega-acelerador-linear-em-teresopolis-e-amplia-acesso-a-radioterapia-no-sus","status":"publish","type":"post","link":"http:\/\/jornaldeitaipava.com.br\/index.php\/2026\/04\/28\/governo-do-brasil-entrega-acelerador-linear-em-teresopolis-e-amplia-acesso-a-radioterapia-no-sus\/","title":{"rendered":"Governo do Brasil entrega acelerador linear em Teres\u00f3polis  e amplia acesso \u00e0 radioterapia no SUS"},"content":{"rendered":"\n<p>Iniciativa do Minist\u00e9rio da Sa\u00fade integra a\u00e7\u00e3o nacional com entregas simult\u00e2neas em outros quatro estados, fortalece centros regionais de c\u00e2ncer, reduz o deslocamento de pacientes e soma cerca de R$ 60 milh\u00f5es em investimentos<\/p>\n\n\n\n<p>O Minist\u00e9rio da Sa\u00fade inaugurou um novo acelerador linear para o tratamento de c\u00e2ncer no munic\u00edpio de Teres\u00f3polis (RJ), instalado no Hospital S\u00e3o Jos\u00e9 com investimento de R$ 14,4 milh\u00f5es. O equipamento amplia a oferta de radioterapia e reduz a necessidade de deslocamento de pacientes para outras cidades.<\/p>\n\n\n\n<p>A entrega em Lajeado integra uma a\u00e7\u00e3o simult\u00e2nea realizada em outras quatro cidades do pa\u00eds: Presidente Prudente (SP), Lajeados (RS), Jaragu\u00e1 do Sul (SC) e An\u00e1polis (GO), com o objetivo de fortalecer a rede de aten\u00e7\u00e3o oncol\u00f3gica no Sistema \u00danico de Sa\u00fade (SUS). Nessas regi\u00f5es, a dist\u00e2ncia at\u00e9 servi\u00e7os de refer\u00eancia pode variar de 120 a 600 quil\u00f4metros.<\/p>\n\n\n\n<p>\u201cA inaugura\u00e7\u00e3o de aceleradores lineares, um equipamento de radioterapia, \u00e9 fundamental para qualificar e melhorar o tratamento contra o c\u00e2ncer. Este aparelho vai trazer mais dignidade, diminuindo as dist\u00e2ncias e tamb\u00e9m reduzindo o tempo tratamento do c\u00e2ncer. O ganho n\u00e3o \u00e9 s\u00f3 para Teres\u00f3polis, mas tamb\u00e9m para as outras 14 cidades da regi\u00e3o que o Hospital S\u00e3o Jos\u00e9 atende\u201d, pontuou o diretor do Agora Tem Especialistas, Rodrigo Oliveira, presente \u00e0 entrega.<\/p>\n\n\n\n<p>No total, o investimento federal nos novos servi\u00e7os foi de R$ 58,8 milh\u00f5es, dentro do programa Agora Tem Especialistas, voltado \u00e0 amplia\u00e7\u00e3o da assist\u00eancia e \u00e0 redu\u00e7\u00e3o de filas em \u00e1reas priorit\u00e1rias, como a oncologia. O ato de inaugura\u00e7\u00e3o ocorreu de forma simult\u00e2nea nas cinco cidades. O vice-presidente, Geraldo Alckmin, e o ministro da Sa\u00fade, Alexandre Padilha, acompanharam a cerim\u00f4nia a partir de Presidente Prudente (SP).<\/p>\n\n\n\n<p>Em Teres\u00f3polis (RJ), o novo acelerador linear fortalece a oferta de radioterapia na Macrorregi\u00e3o Serrana de Sa\u00fade e beneficia diretamente pacientes que hoje precisam se deslocar para outros munic\u00edpios para realizar o tratamento, como Rio de Janeiro, Campos dos Goytacazes, Vassouras e Niter\u00f3i. O segundo acelerador no munic\u00edpio poder\u00e1 absorver parte significativa dos procedimentos anuais que atualmente migram para fora da regi\u00e3o, reduzindo deslocamentos e ampliando o acesso ao tratamento mais pr\u00f3ximo de casa.<\/p>\n\n\n\n<p>O fortalecimento de centros regionais de tratamento de c\u00e2ncer amplia a oferta e capacidade dos servi\u00e7os, garantindo atendimento mais perto de casa. Mais modernos, os equipamentos permitem tratamento mais preciso, com menos sess\u00f5es e menor impacto para o paciente.<\/p>\n\n\n\n<p>Neste governo, foram adquiridos mais de 100 aceleradores lineares e j\u00e1 s\u00e3o quase 40 novos aparelhos entregues desde 2023. Com avan\u00e7os tamb\u00e9m no diagn\u00f3stico, consultas e cirurgias, o Agora Tem Especialistas do Minist\u00e9rio da Sa\u00fade garante o maior acesso a assist\u00eancia oncol\u00f3gica da hist\u00f3ria do SUS, reduzindo desigualdades e vazios assistenciais.<\/p>\n","protected":false},"excerpt":{"rendered":"<p>Iniciativa do Minist\u00e9rio da Sa\u00fade integra a\u00e7\u00e3o nacional com entregas simult\u00e2neas em outros quatro estados,<\/p>\n","protected":false},"author":1,"featured_media":51441,"comment_status":"closed","ping_status":"open","sticky":false,"template":"","format":"standard","meta":{"spay_email":"","footnotes":"","jetpack_publicize_message":""},"categories":[5],"tags":[],"jetpack_featured_media_url":"https:\/\/i2.wp.com\/jornaldeitaipava.com.br\/wp-content\/uploads\/2026\/04\/WhatsApp-Image-2026-04-27-at-18.23.53.jpeg?fit=1600%2C1168","jetpack_publicize_connections":[],"jetpack_sharing_enabled":true,"jetpack_likes_enabled":true,"jetpack-related-posts":[],"_links":{"self":[{"href":"http:\/\/jornaldeitaipava.com.br\/index.php\/wp-json\/wp\/v2\/posts\/51440"}],"collection":[{"href":"http:\/\/jornaldeitaipava.com.br\/index.php\/wp-json\/wp\/v2\/posts"}],"about":[{"href":"http:\/\/jornaldeitaipava.com.br\/index.php\/wp-json\/wp\/v2\/types\/post"}],"author":[{"embeddable":true,"href":"http:\/\/jornaldeitaipava.com.br\/index.php\/wp-json\/wp\/v2\/users\/1"}],"replies":[{"embeddable":true,"href":"http:\/\/jornaldeitaipava.com.br\/index.php\/wp-json\/wp\/v2\/comments?post=51440"}],"version-history":[{"count":1,"href":"http:\/\/jornaldeitaipava.com.br\/index.php\/wp-json\/wp\/v2\/posts\/51440\/revisions"}],"predecessor-version":[{"id":51442,"href":"http:\/\/jornaldeitaipava.com.br\/index.php\/wp-json\/wp\/v2\/posts\/51440\/revisions\/51442"}],"wp:featuredmedia":[{"embeddable":true,"href":"http:\/\/jornaldeitaipava.com.br\/index.php\/wp-json\/wp\/v2\/media\/51441"}],"wp:attachment":[{"href":"http:\/\/jornaldeitaipava.com.br\/index.php\/wp-json\/wp\/v2\/media?parent=51440"}],"wp:term":[{"taxonomy":"category","embeddable":true,"href":"http:\/\/jornaldeitaipava.com.br\/index.php\/wp-json\/wp\/v2\/categories?post=51440"},{"taxonomy":"post_tag","embeddable":true,"href":"http:\/\/jornaldeitaipava.com.br\/index.php\/wp-json\/wp\/v2\/tags?post=51440"}],"curies":[{"name":"wp","href":"https:\/\/api.w.org\/{rel}","templated":true}]}}