{"id":51449,"date":"2026-04-28T12:38:07","date_gmt":"2026-04-28T15:38:07","guid":{"rendered":"http:\/\/jornaldeitaipava.com.br\/?p=51449"},"modified":"2026-04-28T12:38:10","modified_gmt":"2026-04-28T15:38:10","slug":"oficina-de-arte-floral-japonesa-abre-programacao-especial-de-maio-em-homenagem-as-maes-em-itaipava","status":"publish","type":"post","link":"http:\/\/jornaldeitaipava.com.br\/index.php\/2026\/04\/28\/oficina-de-arte-floral-japonesa-abre-programacao-especial-de-maio-em-homenagem-as-maes-em-itaipava\/","title":{"rendered":"Oficina de arte floral japonesa abre programa\u00e7\u00e3o especial de maio em homenagem \u00e0s m\u00e3es em Itaipava"},"content":{"rendered":"\n<p class=\"has-text-align-center\"><strong>Tradicional arte de Ikebana convida m\u00e3es e filhos para viv\u00eancia de conex\u00e3o, bem-estar e celebra\u00e7\u00e3o dos la\u00e7os afetivos<\/strong><\/p>\n\n\n\n<p>Maio chega trazendo afeto, encontros e homenagens em torno de um dos v\u00ednculos mais importantes da vida: a rela\u00e7\u00e3o entre m\u00e3es e filhos. Para marcar o in\u00edcio da programa\u00e7\u00e3o especial dedicada \u00e0 data, uma oficina de Ikebana Sanguetsu vai proporcionar uma experi\u00eancia \u00fanica de conex\u00e3o, sensibilidade e bem-estar, unindo fam\u00edlias em torno da tradicional arte floral japonesa no Shopping Vilarejo, em Itaipava.<\/p>\n\n\n\n<p>A atividade ser\u00e1 realizada neste s\u00e1bado (2), \u00e0s 15h, e convida o p\u00fablico para uma imers\u00e3o em uma pr\u00e1tica milenar originada no Jap\u00e3o, reconhecida por transformar flores, folhas e galhos em composi\u00e7\u00f5es que expressam equil\u00edbrio, harmonia e respeito \u00e0 natureza. Diferente de um simples arranjo decorativo, a Ikebana \u00e9 considerada uma forma de arte contemplativa, que valoriza a ess\u00eancia dos elementos naturais e desperta sentimentos de calma, presen\u00e7a e gratid\u00e3o.<\/p>\n\n\n\n<p>Durante a viv\u00eancia, m\u00e3es e filhos participar\u00e3o de uma prepara\u00e7\u00e3o sensorial com m\u00fasica, falas e ambienta\u00e7\u00e3o especial, pensada para estimular acolhimento e conex\u00e3o emocional entre os participantes. Ao final, cada dupla poder\u00e1 construir seu pr\u00f3prio arranjo floral, transformando o momento em uma lembran\u00e7a afetiva e significativa para celebrar o m\u00eas das m\u00e3es.<\/p>\n\n\n\n<p>Na oficina, ser\u00e1 apresentada a vertente Ikebana Sanguetsu, escola que segue princ\u00edpios ligados \u00e0 valoriza\u00e7\u00e3o da forma natural das plantas e \u00e0 constru\u00e7\u00e3o de arranjos que transmitam serenidade e beleza. A proposta busca mostrar que cada flor, folha ou galho possui import\u00e2ncia dentro da composi\u00e7\u00e3o, simbolizando tamb\u00e9m a harmonia entre diferentes gera\u00e7\u00f5es e personalidades.<\/p>\n\n\n\n<p>Al\u00e9m do aspecto art\u00edstico, a pr\u00e1tica da Ikebana tamb\u00e9m \u00e9 associada ao relaxamento e ao equil\u00edbrio interior. O processo criativo convida \u00e0 desacelera\u00e7\u00e3o, ao foco no presente e ao contato mais atento com a natureza, valores cada vez mais buscados em meio \u00e0 rotina acelerada do dia a dia.<\/p>\n\n\n\n<p>\u201cQueremos abrir o m\u00eas das m\u00e3es com uma experi\u00eancia diferenciada, que v\u00e1 al\u00e9m de uma homenagem tradicional. A oficina re\u00fane cultura, sensibilidade e conviv\u00eancia, proporcionando \u00e0s fam\u00edlias um momento especial de troca e constru\u00e7\u00e3o de mem\u00f3rias afetivas\u201d, destaca Tiago Correa, administrador do shopping.<\/p>\n\n\n\n<p>As inscri\u00e7\u00f5es devem ser feitas pelo WhatsApp (24) 98158-3220. As vagas s\u00e3o limitadas.<\/p>\n\n\n\n<p>Servi\u00e7o: Oficina de Ikebana no Vilarejo<\/p>\n\n\n\n<p>Data: 2 de maio<\/p>\n\n\n\n<p>Hor\u00e1rio: 15h<\/p>\n\n\n\n<p>Participa\u00e7\u00e3o: Gratuita, mediante inscri\u00e7\u00e3o pr\u00e9via.<\/p>\n\n\n\n<p>Inscri\u00e7\u00f5es: WhatsApp (24) 98158-3220<\/p>\n\n\n\n<p>Local: Vilarejo \u2013 Estrada Uni\u00e3o e Ind\u00fastria, 10.035 \u2013 Itaipava<\/p>\n\n\n\n<p>Mais informa\u00e7\u00f5es: @shoppingvilarejo<\/p>\n","protected":false},"excerpt":{"rendered":"<p>Tradicional arte de Ikebana convida m\u00e3es e filhos para viv\u00eancia de conex\u00e3o, bem-estar e celebra\u00e7\u00e3o<\/p>\n","protected":false},"author":1,"featured_media":51450,"comment_status":"closed","ping_status":"open","sticky":false,"template":"","format":"standard","meta":{"spay_email":"","footnotes":"","jetpack_publicize_message":""},"categories":[42],"tags":[],"jetpack_featured_media_url":"https:\/\/i0.wp.com\/jornaldeitaipava.com.br\/wp-content\/uploads\/2026\/04\/WhatsApp-Image-2026-04-28-at-12.34.36.jpeg?fit=828%2C580","jetpack_publicize_connections":[],"jetpack_sharing_enabled":true,"jetpack_likes_enabled":true,"jetpack-related-posts":[],"_links":{"self":[{"href":"http:\/\/jornaldeitaipava.com.br\/index.php\/wp-json\/wp\/v2\/posts\/51449"}],"collection":[{"href":"http:\/\/jornaldeitaipava.com.br\/index.php\/wp-json\/wp\/v2\/posts"}],"about":[{"href":"http:\/\/jornaldeitaipava.com.br\/index.php\/wp-json\/wp\/v2\/types\/post"}],"author":[{"embeddable":true,"href":"http:\/\/jornaldeitaipava.com.br\/index.php\/wp-json\/wp\/v2\/users\/1"}],"replies":[{"embeddable":true,"href":"http:\/\/jornaldeitaipava.com.br\/index.php\/wp-json\/wp\/v2\/comments?post=51449"}],"version-history":[{"count":1,"href":"http:\/\/jornaldeitaipava.com.br\/index.php\/wp-json\/wp\/v2\/posts\/51449\/revisions"}],"predecessor-version":[{"id":51451,"href":"http:\/\/jornaldeitaipava.com.br\/index.php\/wp-json\/wp\/v2\/posts\/51449\/revisions\/51451"}],"wp:featuredmedia":[{"embeddable":true,"href":"http:\/\/jornaldeitaipava.com.br\/index.php\/wp-json\/wp\/v2\/media\/51450"}],"wp:attachment":[{"href":"http:\/\/jornaldeitaipava.com.br\/index.php\/wp-json\/wp\/v2\/media?parent=51449"}],"wp:term":[{"taxonomy":"category","embeddable":true,"href":"http:\/\/jornaldeitaipava.com.br\/index.php\/wp-json\/wp\/v2\/categories?post=51449"},{"taxonomy":"post_tag","embeddable":true,"href":"http:\/\/jornaldeitaipava.com.br\/index.php\/wp-json\/wp\/v2\/tags?post=51449"}],"curies":[{"name":"wp","href":"https:\/\/api.w.org\/{rel}","templated":true}]}}