{"id":37284,"date":"2023-11-22T17:30:28","date_gmt":"2023-11-22T20:30:28","guid":{"rendered":"http:\/\/jornaldeitaipava.com.br\/?p=37284"},"modified":"2023-11-22T17:30:34","modified_gmt":"2023-11-22T20:30:34","slug":"mix-friday-espaco-itaipava-mix-tera-descontos-de-ate-50-na-black-friday-e-horario-especial-de-funcionamento","status":"publish","type":"post","link":"https:\/\/jornaldeitaipava.com.br\/index.php\/2023\/11\/22\/mix-friday-espaco-itaipava-mix-tera-descontos-de-ate-50-na-black-friday-e-horario-especial-de-funcionamento\/","title":{"rendered":"Mix Friday: Espa\u00e7o Itaipava Mix ter\u00e1 descontos de at\u00e9 50% na Black Friday e hor\u00e1rio especial de funcionamento"},"content":{"rendered":"\n<p>A t\u00e3o esperada Black Friday est\u00e1 chegando e o Espa\u00e7o Itaipava Mix separou condi\u00e7\u00f5es imperd\u00edveis para este dia. Na pr\u00f3xima sexta-feira, 24 de novembro, vai acontecer a Mix Friday, o feir\u00e3o de descontos em todas as lojas, com promo\u00e7\u00f5es que podem chegar a 50% de descontos.<br>S\u00e3o 90 boxes de lojas com diversas op\u00e7\u00f5es que v\u00e3o de roupas, passando por acess\u00f3rios, itens do lar, cal\u00e7ados e at\u00e9 brinquedos. O Espa\u00e7o Itaipava Mix tem op\u00e7\u00f5es que agradam a todos os gostos e, principalmente durante a Black Friday, v\u00e3o agradar a todos os bolsos.<br>Al\u00e9m dos descontos imperd\u00edveis, o Itaipava Mix vai funcionar em hor\u00e1rio especial na sexta-feira, estando aberto de 10h at\u00e9 as 22h. Para quem desejar garantir os presentes em outros dias, o espa\u00e7o do microempreendedor funciona sempre de quinta-feira \u00e0 domingo. Nas quintas, sextas e s\u00e1bados, o funcionamento normalmente \u00e9 de 10h \u00e0s 19h. No domingo, de 10h \u00e0s 18h.<br>O Itaipava Mix \u00e9 um espa\u00e7o que valoriza o microempreendedor petropolitano. S\u00e3o mais de 120 empregos diretos e pessoas que buscam complementar a renda familiar. O estabelecimento est\u00e1, desde agosto, trazendo uma melhor qualidade de vida para estes empreendedores e levando produtos de muita qualidade para a casa dos clientes.<br>O local conta com vagas de estacionamento, caf\u00e9 e food trucks, al\u00e9m de banheiros femininos, masculinos e adaptados. O Itaipava Mix fica a apenas cem metros do Horto Municipal, na Estrada Uni\u00e3o e Ind\u00fastria, n\u00ba 9453 \u2013 Itaipava, Petr\u00f3polis.<\/p>\n","protected":false},"excerpt":{"rendered":"<p>A t\u00e3o esperada Black Friday est\u00e1 chegando e o Espa\u00e7o Itaipava Mix separou condi\u00e7\u00f5es imperd\u00edveis<\/p>\n","protected":false},"author":1,"featured_media":37285,"comment_status":"closed","ping_status":"open","sticky":false,"template":"","format":"standard","meta":{"spay_email":"","footnotes":"","jetpack_publicize_message":""},"categories":[2],"tags":[],"jetpack_featured_media_url":"https:\/\/i0.wp.com\/jornaldeitaipava.com.br\/wp-content\/uploads\/2023\/11\/WhatsApp-Image-2023-11-22-at-10.33.36.jpeg?fit=1024%2C768&ssl=1","jetpack_publicize_connections":[],"jetpack_sharing_enabled":true,"jetpack_likes_enabled":true,"jetpack-related-posts":[],"_links":{"self":[{"href":"https:\/\/jornaldeitaipava.com.br\/index.php\/wp-json\/wp\/v2\/posts\/37284"}],"collection":[{"href":"https:\/\/jornaldeitaipava.com.br\/index.php\/wp-json\/wp\/v2\/posts"}],"about":[{"href":"https:\/\/jornaldeitaipava.com.br\/index.php\/wp-json\/wp\/v2\/types\/post"}],"author":[{"embeddable":true,"href":"https:\/\/jornaldeitaipava.com.br\/index.php\/wp-json\/wp\/v2\/users\/1"}],"replies":[{"embeddable":true,"href":"https:\/\/jornaldeitaipava.com.br\/index.php\/wp-json\/wp\/v2\/comments?post=37284"}],"version-history":[{"count":1,"href":"https:\/\/jornaldeitaipava.com.br\/index.php\/wp-json\/wp\/v2\/posts\/37284\/revisions"}],"predecessor-version":[{"id":37286,"href":"https:\/\/jornaldeitaipava.com.br\/index.php\/wp-json\/wp\/v2\/posts\/37284\/revisions\/37286"}],"wp:featuredmedia":[{"embeddable":true,"href":"https:\/\/jornaldeitaipava.com.br\/index.php\/wp-json\/wp\/v2\/media\/37285"}],"wp:attachment":[{"href":"https:\/\/jornaldeitaipava.com.br\/index.php\/wp-json\/wp\/v2\/media?parent=37284"}],"wp:term":[{"taxonomy":"category","embeddable":true,"href":"https:\/\/jornaldeitaipava.com.br\/index.php\/wp-json\/wp\/v2\/categories?post=37284"},{"taxonomy":"post_tag","embeddable":true,"href":"https:\/\/jornaldeitaipava.com.br\/index.php\/wp-json\/wp\/v2\/tags?post=37284"}],"curies":[{"name":"wp","href":"https:\/\/api.w.org\/{rel}","templated":true}]}}