{"id":37290,"date":"2023-11-22T17:39:15","date_gmt":"2023-11-22T20:39:15","guid":{"rendered":"http:\/\/jornaldeitaipava.com.br\/?p=37290"},"modified":"2023-11-22T17:39:17","modified_gmt":"2023-11-22T20:39:17","slug":"lancamento-do-nucleo-ii-da-escola-de-musica-cristo-redentor-em-petropolis-na-festa-de-santa-catarina","status":"publish","type":"post","link":"https:\/\/jornaldeitaipava.com.br\/index.php\/2023\/11\/22\/lancamento-do-nucleo-ii-da-escola-de-musica-cristo-redentor-em-petropolis-na-festa-de-santa-catarina\/","title":{"rendered":"LAN\u00c7AMENTO DO N\u00daCLEO II DA ESCOLA DE M\u00daSICA CRISTO REDENTOR EM PETR\u00d3POLIS NA FESTA DE SANTA CATARINA"},"content":{"rendered":"\n<p>A tradicional Festa de Santa Catarina de Alexandria \u2013 para celebrar sua hist\u00f3ria de perseveran\u00e7a, bondade e sabedoria \u2013, no dia 25 de novembro, a partir das 12h, no Col\u00e9gio Santa Catarina, vai contar com especial programa\u00e7\u00e3o de atra\u00e7\u00f5es gastron\u00f4micas e art\u00edsticas, missa Campal presidida pelo reitor do Santu\u00e1rio Cristo Redentor, padre Omar, e ainda o lan\u00e7amento do N\u00facleo II da Escola de M\u00fasica Cristo Redentor em Petr\u00f3polis, para alunos do Santa Catarina. A entrada \u00e9 franca.<br>Entre as apresenta\u00e7\u00f5es da festa est\u00e3o o show da consagrada Banda Tokaia, o espet\u00e1culo \u201cLike 2.0\u201d do Grupo D\u00f3 R\u00e9 Mi, que canta, dan\u00e7a e representa, o Grupo de Dan\u00e7as Folcl\u00f3ricas Germ\u00e2nicas Blumenberg Volkstanz, e a encena\u00e7\u00e3o da vida de Santa Catarina pelos alunos do col\u00e9gio. Os quitutes estar\u00e3o a cargo do Restaurante Fam\u00edlia Scharder Essen &amp; Bier e da Doce Sensa\u00e7\u00e3o Doceria, al\u00e9m dos deliciosos p\u00e3es artesanais preparados pelo Santa Catarina.<\/p>\n\n\n\n<p><strong>ESCOLA DE M\u00daSICA<br><\/strong>O lan\u00e7amento do N\u00facleo II da Escola de M\u00fasica Cristo Redentor em Petr\u00f3polis, ser\u00e1 feito pelo padre Omar Raposo, durante a missa Campal, quando haver\u00e1 tamb\u00e9m b\u00ean\u00e7\u00e3os especiais para estudantes, professores, advogados, fil\u00f3sofos e m\u00e3es lactantes.<br>O N\u00facleo II ir\u00e1 funcionar no Col\u00e9gio Santa Catarina a partir de 2024, com o mesmo conte\u00fado educacional j\u00e1 existente no N\u00facleo I, que funciona na Escola S\u00e3o Judas Tadeu, no bairro Mosela\/Petr\u00f3polis, com o Grupo D\u00f3 R\u00e9 Mi. L\u00e1 os alunos t\u00eam acesso \u00e0s aulas de canto coral, t\u00e9cnica vocal, teoria musical e musicaliza\u00e7\u00e3o nas salas de aula.<br>\u201c\u00c9 uma alegria enorme poder expandir esse projeto, que nos d\u00e1 tanto orgulho, em nossa cidade. A Escola de M\u00fasica Cristo Redentor nasceu no Rio de Janeiro, abra\u00e7ou a Escola S\u00e3o Judas Tadeu como seu N\u00facleo I e j\u00e1 estamos tendo a possibilidade de estender esse enorme benef\u00edcio aos alunos do Santa Catarina\u201d \u2013 destaca o maestro Leonardo Randolfo, diretor Geral da Escola de M\u00fasica Cristo Redentor.<br>Padre Omar, presidente da Escola de M\u00fasica, ressalta a import\u00e2ncia da institui\u00e7\u00e3o para o pa\u00eds: \u201cNossa escola ser\u00e1 presente em todo o Brasil, por meio da difus\u00e3o da m\u00fasica e da possibilidade de oportunizar o acesso aos talentos que ser\u00e3o descobertos nos v\u00e1rios p\u00f3los, entre o Rio de Janeiro e Petr\u00f3polis\u201d \u2013 sentencia.<\/p>\n\n\n\n<p><strong>PROGRAMA\u00c7\u00c3O<br><\/strong>\u2022 12h &#8211; Abertura: Grupo de dan\u00e7as folcl\u00f3ricas germ\u00e2nicas Blumenberg Volkstanz, al\u00e9m da encena\u00e7\u00e3o da vida de Santa Catarina pelos talentosos alunos do col\u00e9gio.<br>\u2022 16h &#8211; Show ao vivo com a Banda Tokaia.<br>\u2022 18h &#8211; Missa Campal presidida por Padre Omar, com b\u00ean\u00e7\u00e3os especiais para estudantes, professores, advogados, fil\u00f3sofos e m\u00e3es lactantes e o Lan\u00e7amento do N\u00facleo II da Escola de M\u00fasica Cristo Redentor em Petr\u00f3polis.<br>\u2022 19h30 &#8211; Show \u201cLike 2.0\u201d com o Grupo D\u00f3 R\u00e9 Mi.<\/p>\n\n\n\n<p><strong>SERVI\u00c7O<br><\/strong>FESTA DE SANTA CATARINA DE ALEXANDRIA E LAN\u00c7AMENTO DO N\u00daCLEO II DA ESCOLA DE M\u00daSICA CRISTO REDENTOR<br>Data: 25 de novembro<br>Hor\u00e1rio: a partir das 12h, com atra\u00e7\u00f5es at\u00e9 \u00e0s 20h30<br>Local: Col\u00e9gio Santa Catarina<br>Endere\u00e7o: Rua Montecaseros 278, Centro, Petr\u00f3polis<br>Entrada Franca<\/p>\n","protected":false},"excerpt":{"rendered":"<p>A tradicional Festa de Santa Catarina de Alexandria \u2013 para celebrar sua hist\u00f3ria de perseveran\u00e7a,<\/p>\n","protected":false},"author":1,"featured_media":37291,"comment_status":"closed","ping_status":"open","sticky":false,"template":"","format":"standard","meta":{"spay_email":"","footnotes":"","jetpack_publicize_message":""},"categories":[1],"tags":[],"jetpack_featured_media_url":"https:\/\/i0.wp.com\/jornaldeitaipava.com.br\/wp-content\/uploads\/2023\/11\/WhatsApp-Image-2023-11-22-at-14.03.23.jpeg?fit=1070%2C802&ssl=1","jetpack_publicize_connections":[],"jetpack_sharing_enabled":true,"jetpack_likes_enabled":true,"jetpack-related-posts":[],"_links":{"self":[{"href":"https:\/\/jornaldeitaipava.com.br\/index.php\/wp-json\/wp\/v2\/posts\/37290"}],"collection":[{"href":"https:\/\/jornaldeitaipava.com.br\/index.php\/wp-json\/wp\/v2\/posts"}],"about":[{"href":"https:\/\/jornaldeitaipava.com.br\/index.php\/wp-json\/wp\/v2\/types\/post"}],"author":[{"embeddable":true,"href":"https:\/\/jornaldeitaipava.com.br\/index.php\/wp-json\/wp\/v2\/users\/1"}],"replies":[{"embeddable":true,"href":"https:\/\/jornaldeitaipava.com.br\/index.php\/wp-json\/wp\/v2\/comments?post=37290"}],"version-history":[{"count":1,"href":"https:\/\/jornaldeitaipava.com.br\/index.php\/wp-json\/wp\/v2\/posts\/37290\/revisions"}],"predecessor-version":[{"id":37292,"href":"https:\/\/jornaldeitaipava.com.br\/index.php\/wp-json\/wp\/v2\/posts\/37290\/revisions\/37292"}],"wp:featuredmedia":[{"embeddable":true,"href":"https:\/\/jornaldeitaipava.com.br\/index.php\/wp-json\/wp\/v2\/media\/37291"}],"wp:attachment":[{"href":"https:\/\/jornaldeitaipava.com.br\/index.php\/wp-json\/wp\/v2\/media?parent=37290"}],"wp:term":[{"taxonomy":"category","embeddable":true,"href":"https:\/\/jornaldeitaipava.com.br\/index.php\/wp-json\/wp\/v2\/categories?post=37290"},{"taxonomy":"post_tag","embeddable":true,"href":"https:\/\/jornaldeitaipava.com.br\/index.php\/wp-json\/wp\/v2\/tags?post=37290"}],"curies":[{"name":"wp","href":"https:\/\/api.w.org\/{rel}","templated":true}]}}