{"id":37293,"date":"2023-11-22T17:44:56","date_gmt":"2023-11-22T20:44:56","guid":{"rendered":"http:\/\/jornaldeitaipava.com.br\/?p=37293"},"modified":"2023-11-22T17:45:05","modified_gmt":"2023-11-22T20:45:05","slug":"vereador-quer-que-populacao-seja-indenizada-pela-enel","status":"publish","type":"post","link":"https:\/\/jornaldeitaipava.com.br\/index.php\/2023\/11\/22\/vereador-quer-que-populacao-seja-indenizada-pela-enel\/","title":{"rendered":"Vereador quer que popula\u00e7\u00e3o seja indenizada pela ENEL"},"content":{"rendered":"\n<p>Ap\u00f3s o temporal que atingiu a cidade no \u00faltimo s\u00e1bado (18) diversos bairros ainda est\u00e3o sem energia el\u00e9trica. A demora por parte da Enel em restituir o servi\u00e7o vem causando grande preju\u00edzos \u00e0 popula\u00e7\u00e3o com reflexos diretos na economia da cidade, uma vez que restaurantes, hot\u00e9is e pousadas tiveram que cancelar reservas por n\u00e3o conseguirem funcionar. Segundo dados, cerca de 12 mil im\u00f3veis em diversas localidades ainda est\u00e3o sem energia. Dentre os bairros afetados est\u00e3o Araras, Mosela, Contorno, Quitandinha, Valpara\u00edso, Rocio, Vale do Cuiab\u00e1, Vale do Boa Esperan\u00e7a, Retiro, Carangola, Posse, Centro, Quitandinha, Bingen, Santa M\u00f4nica e Madame Machado.<br>Diante do quadro de neglig\u00eancia da concession\u00e1ria com os consumidores o vereador Eduardo do Blog est\u00e1 oficiando o PROCON e orientando a popula\u00e7\u00e3o a pedir indeniza\u00e7\u00e3o. Para isso o vereador est\u00e1 requisitando refor\u00e7o da estrutura do Procon no Centro da cidade, al\u00e9m de unidades m\u00f3veis do \u00f3rg\u00e3o nas comunidades atingidas.<br>&#8220;<em>O Minist\u00e9rio P\u00fablico Estadual j\u00e1 est\u00e1 atuando no caso, mas estamos oficiando o PROCON pedindo uma opera\u00e7\u00e3o especial para atender \u00e0s v\u00edtimas e garantir o direito dos cidad\u00e3os. Al\u00e9m do refor\u00e7o no atendimento no Centro, pedimos tamb\u00e9m a atua\u00e7\u00e3o do PROCON m\u00f3vel, que pode ser levado \u00e0s \u00e1reas afetadas pela falta do servi\u00e7o<\/em>&#8220;, disse Eduardo.<br>O vereador tamb\u00e9m est\u00e1 pedindo a divulga\u00e7\u00e3o das orienta\u00e7\u00f5es nos canais de acesso e pela internet de modo a promover a devida orienta\u00e7\u00e3o sobre como proceder, al\u00e9m de salientar a import\u00e2ncia de manter registro e comprovante das ocorr\u00eancias, garantindo plenas condi\u00e7\u00f5es para o exerc\u00edcio de demandas indenizat\u00f3rias.<br>&#8220;E<em>sta \u00e9 uma a\u00e7\u00e3o que se soma ao importante trabalho desempenhado pelo MPRJ que j\u00e1 determinou um prazo limite de 24 horas para o retorno de energia aos locais&#8221;<\/em>, finalizou o vereador&#8221;.<br>At\u00e9 o fechamento desta mat\u00e9ria diversas comunidades ainda estavam sem energia el\u00e9trica.<\/p>\n\n\n\n<p><strong>Atendimento<br><\/strong>Ressaltando que o Procon Petr\u00f3polis fica na Rua Dr. Moreira da Fonseca, 33, Centro (na Pra\u00e7a da \u00c1guia, ao lado da C\u00e2mara Municipal). A sede em Itaipava funciona das 10h \u00e0s 16h, na Estrada Uni\u00e3o e Ind\u00fastria, 10.800, no Centro de Cidadania Desembargador Jorge Loretti.<br>Outros canais de atendimento s\u00e3o o email atendimentoprocon@petropolis.rj.gov.br e os telefones (24) 2246-8469 \/ 24 2246-8477.<\/p>\n","protected":false},"excerpt":{"rendered":"<p>Ap\u00f3s o temporal que atingiu a cidade no \u00faltimo s\u00e1bado (18) diversos bairros ainda est\u00e3o<\/p>\n","protected":false},"author":1,"featured_media":37294,"comment_status":"closed","ping_status":"open","sticky":false,"template":"","format":"standard","meta":{"spay_email":"","footnotes":"","jetpack_publicize_message":""},"categories":[2],"tags":[],"jetpack_featured_media_url":"https:\/\/i2.wp.com\/jornaldeitaipava.com.br\/wp-content\/uploads\/2023\/11\/WhatsApp-Image-2023-11-21-at-16.22.26.jpeg?fit=1580%2C1600&ssl=1","jetpack_publicize_connections":[],"jetpack_sharing_enabled":true,"jetpack_likes_enabled":true,"jetpack-related-posts":[],"_links":{"self":[{"href":"https:\/\/jornaldeitaipava.com.br\/index.php\/wp-json\/wp\/v2\/posts\/37293"}],"collection":[{"href":"https:\/\/jornaldeitaipava.com.br\/index.php\/wp-json\/wp\/v2\/posts"}],"about":[{"href":"https:\/\/jornaldeitaipava.com.br\/index.php\/wp-json\/wp\/v2\/types\/post"}],"author":[{"embeddable":true,"href":"https:\/\/jornaldeitaipava.com.br\/index.php\/wp-json\/wp\/v2\/users\/1"}],"replies":[{"embeddable":true,"href":"https:\/\/jornaldeitaipava.com.br\/index.php\/wp-json\/wp\/v2\/comments?post=37293"}],"version-history":[{"count":1,"href":"https:\/\/jornaldeitaipava.com.br\/index.php\/wp-json\/wp\/v2\/posts\/37293\/revisions"}],"predecessor-version":[{"id":37295,"href":"https:\/\/jornaldeitaipava.com.br\/index.php\/wp-json\/wp\/v2\/posts\/37293\/revisions\/37295"}],"wp:featuredmedia":[{"embeddable":true,"href":"https:\/\/jornaldeitaipava.com.br\/index.php\/wp-json\/wp\/v2\/media\/37294"}],"wp:attachment":[{"href":"https:\/\/jornaldeitaipava.com.br\/index.php\/wp-json\/wp\/v2\/media?parent=37293"}],"wp:term":[{"taxonomy":"category","embeddable":true,"href":"https:\/\/jornaldeitaipava.com.br\/index.php\/wp-json\/wp\/v2\/categories?post=37293"},{"taxonomy":"post_tag","embeddable":true,"href":"https:\/\/jornaldeitaipava.com.br\/index.php\/wp-json\/wp\/v2\/tags?post=37293"}],"curies":[{"name":"wp","href":"https:\/\/api.w.org\/{rel}","templated":true}]}}