{"id":37297,"date":"2023-11-22T18:08:16","date_gmt":"2023-11-22T21:08:16","guid":{"rendered":"http:\/\/jornaldeitaipava.com.br\/?p=37297"},"modified":"2023-11-22T18:08:26","modified_gmt":"2023-11-22T21:08:26","slug":"concluida-desobstrucao-de-vias-e-limpeza-de-bairros-afetados-pela-chuva-de-sabado","status":"publish","type":"post","link":"https:\/\/jornaldeitaipava.com.br\/index.php\/2023\/11\/22\/concluida-desobstrucao-de-vias-e-limpeza-de-bairros-afetados-pela-chuva-de-sabado\/","title":{"rendered":"Concluida desobstru\u00e7\u00e3o de vias e limpeza de bairros afetados pela chuva de s\u00e1bado"},"content":{"rendered":"\n<p>A Companhia Municipal de Desenvolvimento de Petr\u00f3polis (Comdep) concluiu a limpeza das \u00e1reas afetadas por quedas de \u00e1rvores e galhos, em fun\u00e7\u00e3o da chuva do \u00faltimo s\u00e1bado (18\/11). Ao todo, mais de 200 funcion\u00e1rios trabalharam incansavelmente para desobstruir vias e trazer normalidade aos cinco distritos p\u00f3s-chuva. Al\u00e9m da Comdep, a for\u00e7a-tarefa montada pela Prefeitura contou com a participa\u00e7\u00e3o da Defesa Civil, CPTrans e Guarda Civil, para atender as pequenas ocorr\u00eancias e tamb\u00e9m as \u00e1reas mais cr\u00edticas do munic\u00edpio.<br>\u201cAgrade\u00e7o o empenho e a dedica\u00e7\u00e3o de todos os funcion\u00e1rios p\u00fablicos que trabalharam incansavelmente para normalizar todos os acessos ao Centro e \u00e0s comunidades. Agora, seguimos intervindo diretamente junto \u00e0 Enel para garantir o restabelecimento do servi\u00e7o em todas as regi\u00f5es onde ainda h\u00e1 falta de luz. Sabemos que essa \u00e9 uma obriga\u00e7\u00e3o da empresa, mas n\u00e3o poder\u00edamos ficar inertes e por isso agimos para garantir a energia el\u00e9trica para as fam\u00edlias afetadas\u201d, disse o prefeito Rubens Bomtempo.<br>Desde as primeiras horas ap\u00f3s a chuva de s\u00e1bado, m\u00e1quinas, caminh\u00f5es e colaboradores da Comdep estavam distribu\u00eddos pelos cinco distritos de Petr\u00f3polis, principalmente na Posse, Pedro do Rio e Itaipava.<br>\u201cAssim que recebemos os primeiros registros de quedas de \u00e1rvores, mobilizamos nossas equipes para irem \u00e0s ruas devolver \u00e0 normalidade aos moradores. Seguimos trabalhando ininterruptamente na madrugada de s\u00e1bado para domingo nas \u00e1reas mais cr\u00edticas da cidade. As a\u00e7\u00f5es se estenderam at\u00e9 esta ter\u00e7a-feira\u201d, disse o presidente da Comdep, L\u00e9o Fran\u00e7a.<br>Ainda de acordo com o presidente da Companhia, respons\u00e1vel pelo manejo arb\u00f3reo do munic\u00edpio, a maioria dos casos de quedas de \u00e1rvores foram registrados em \u00e1reas particulares, onde os arbustos acabaram caindo sobre vias p\u00fablicas.<br>\u201cA Comdep intensificou nas \u00faltimas duas semanas as opera\u00e7\u00f5es de podas de \u00e1rvores em vias p\u00fablicas da cidade, contudo, fomos surpreendidos com muitos casos de \u00e1rvores que cederam de propriedades particular\u201d, explicou L\u00e9o Fran\u00e7a.<\/p>\n","protected":false},"excerpt":{"rendered":"<p>A Companhia Municipal de Desenvolvimento de Petr\u00f3polis (Comdep) concluiu a limpeza das \u00e1reas afetadas por<\/p>\n","protected":false},"author":1,"featured_media":37298,"comment_status":"closed","ping_status":"open","sticky":false,"template":"","format":"standard","meta":{"spay_email":"","footnotes":"","jetpack_publicize_message":""},"categories":[24],"tags":[],"jetpack_featured_media_url":"https:\/\/i2.wp.com\/jornaldeitaipava.com.br\/wp-content\/uploads\/2023\/11\/WhatsApp-Image-2023-11-22-at-17.50.38.jpeg?fit=1278%2C880&ssl=1","jetpack_publicize_connections":[],"jetpack_sharing_enabled":true,"jetpack_likes_enabled":true,"jetpack-related-posts":[],"_links":{"self":[{"href":"https:\/\/jornaldeitaipava.com.br\/index.php\/wp-json\/wp\/v2\/posts\/37297"}],"collection":[{"href":"https:\/\/jornaldeitaipava.com.br\/index.php\/wp-json\/wp\/v2\/posts"}],"about":[{"href":"https:\/\/jornaldeitaipava.com.br\/index.php\/wp-json\/wp\/v2\/types\/post"}],"author":[{"embeddable":true,"href":"https:\/\/jornaldeitaipava.com.br\/index.php\/wp-json\/wp\/v2\/users\/1"}],"replies":[{"embeddable":true,"href":"https:\/\/jornaldeitaipava.com.br\/index.php\/wp-json\/wp\/v2\/comments?post=37297"}],"version-history":[{"count":1,"href":"https:\/\/jornaldeitaipava.com.br\/index.php\/wp-json\/wp\/v2\/posts\/37297\/revisions"}],"predecessor-version":[{"id":37299,"href":"https:\/\/jornaldeitaipava.com.br\/index.php\/wp-json\/wp\/v2\/posts\/37297\/revisions\/37299"}],"wp:featuredmedia":[{"embeddable":true,"href":"https:\/\/jornaldeitaipava.com.br\/index.php\/wp-json\/wp\/v2\/media\/37298"}],"wp:attachment":[{"href":"https:\/\/jornaldeitaipava.com.br\/index.php\/wp-json\/wp\/v2\/media?parent=37297"}],"wp:term":[{"taxonomy":"category","embeddable":true,"href":"https:\/\/jornaldeitaipava.com.br\/index.php\/wp-json\/wp\/v2\/categories?post=37297"},{"taxonomy":"post_tag","embeddable":true,"href":"https:\/\/jornaldeitaipava.com.br\/index.php\/wp-json\/wp\/v2\/tags?post=37297"}],"curies":[{"name":"wp","href":"https:\/\/api.w.org\/{rel}","templated":true}]}}