{"id":37350,"date":"2023-11-28T17:31:49","date_gmt":"2023-11-28T20:31:49","guid":{"rendered":"http:\/\/jornaldeitaipava.com.br\/?p=37350"},"modified":"2023-11-28T17:31:51","modified_gmt":"2023-11-28T20:31:51","slug":"terra-de-luz-2023-caravana-iluminada-liga-de-natal-mapping-show-e-feiras-de-artesanato-movimentam-teresopolis","status":"publish","type":"post","link":"https:\/\/jornaldeitaipava.com.br\/index.php\/2023\/11\/28\/terra-de-luz-2023-caravana-iluminada-liga-de-natal-mapping-show-e-feiras-de-artesanato-movimentam-teresopolis\/","title":{"rendered":"Terra de Luz 2023: Caravana Iluminada, Liga de Natal, Mapping, show e feiras de artesanato movimentam Teres\u00f3polis"},"content":{"rendered":"\n<p>As atra\u00e7\u00f5es do projeto Teres\u00f3polis Terra de Luz 2023 prometem iluminar, colorir e alegrar ruas e pra\u00e7as da cidade a partir do dia 1\u00ba de dezembro. A agenda inclui atividades l\u00fadicas de teatro e shows da Liga do Natal, a passagem da Caravana Iluminada Coca-Cola Femsa Brasil e um belo espet\u00e1culo de v\u00eddeo mapping na fachada da Igreja Matriz de Santa Teresa. Duas feiras de Natal, show e festival gastron\u00f4mico completam a programa\u00e7\u00e3o, que inclui decora\u00e7\u00e3o tem\u00e1tica de pontos estrat\u00e9gicos da cidade.<br>Realiza\u00e7\u00e3o da Prefeitura, atrav\u00e9s das secretarias municipais de Cultura e de Turismo, com apoio das secretarias de Agricultura e de Obras e Servi\u00e7os P\u00fablicos, a programa\u00e7\u00e3o e ornamenta\u00e7\u00e3o t\u00eam a parceria e colabora\u00e7\u00e3o da Fecom\u00e9rcio-RJ, SESC Rio, Sincom\u00e9rcio Teres\u00f3polis, Polo Gastron\u00f4mico de Teres\u00f3polis, Coca-Cola FEMSA Brasil, Teres\u00f3polis Convention, Espa\u00e7o Cultural Higino, Mox Produ\u00e7\u00f5es Art\u00edsticas, Procutora Universus e Instituto EcoCult, Secretaria de Estado de Cultura e Economia Solid\u00e1ria e Enel.<br>Liga do Natal: Nesta sexta, 1\u00ba de dezembro, das 16h \u00e0s 21h, a Pra\u00e7a Ol\u00edmpica Lu\u00eds de Cam\u00f5es recebe as atra\u00e7\u00f5es gratuitas do projeto itinerante Liga do Natal 2023, com brincadeiras, conta\u00e7\u00e3o de hist\u00f3rias, oficinas de arte, distribui\u00e7\u00e3o de gibis e o Cine de Natal \u2013 O Natal da Luna. Destaque para o espet\u00e1culo \u201cLiga do Natal\u201d, que tem como protagonista uma Mam\u00e3e Noel negra e empoderada que, junto com o Papai Noel e os s\u00edmbolos Estrela, \u00c1rvore, Boneco de Neve e Duende v\u00e3o viver uma verdadeira aventura no Rio de Janeiro. Interativo e com muito humor, o espet\u00e1culo promove a participa\u00e7\u00e3o do p\u00fablico e a forma\u00e7\u00e3o de plateia.<br>Caravana Iluminada: Cinco caminh\u00f5es da Caravana Iluminada de Natal da Coca-Cola FEMSA Brasil v\u00e3o passar por Teres\u00f3polis no domingo, 03\/12, a partir das 16h, com ambientes instagram\u00e1veis, espa\u00e7os de cenografia e sauda\u00e7\u00e3o do Papai e Mam\u00e3e Noel em um coreto iluminado com efeitos de neve. O tema \u00e9 \u2018Desperte o Papai Noel que h\u00e1 em voc\u00ea\u2019, escolhido para transmitir a mensagem de que todos t\u00eam o poder de resgatar e fortalecer a magia do Natal. O percurso come\u00e7a pelo Soberbo, segue pelas avenidas principais do Alto, V\u00e1rzea, S\u00e3o Pedro e Araras, encerrando na Pra\u00e7a Higino da Silveira \u2013 a da Feirinha do Alto. Os organizadores alertam que o trajeto \u00e9 sujeito a altera\u00e7\u00f5es, sem aviso.<br>Show na pra\u00e7a: Realizado em uma carreta-palco, o espet\u00e1culo gratuito \u2018Natal com D\u00f3-R\u00e9-Mi e Padre Omar\u2019 acontecer\u00e1 no dia 07\/12, na Pra\u00e7a da Matriz de Santa Teresa, no centro da cidade, \u00e0s 19h30. Conduzido pelo Padre Omar Raposo, reitor do Santu\u00e1rio Cristo Redentor, na companhia do Grupo D\u00f3 R\u00e9 Mi, o show promete emocionar o p\u00fablico com um repert\u00f3rio de can\u00e7\u00f5es natalinas.<br>V\u00eddeo mapping: De 07 a 10\/12, a fachada da Igreja Matriz de Santa Teresa ganhar\u00e1 cores e imagens especiais do Mapping de Natal, a partir das 19h, com proje\u00e7\u00f5es para envolver e encantar o p\u00fablico nas celebra\u00e7\u00f5es da data.<br>Feiras de Natal: O Espa\u00e7o Cultural Higino, no Alto, ser\u00e1 palco de duas feiras. De 07 a 10\/12 o p\u00fablico poder\u00e1 visitar a Feira de Natal, da Mox Produ\u00e7\u00f5es, e de 14 a 17\/12 acontecer\u00e1 a edi\u00e7\u00e3o especial da Teres\u00f3polis Artes Manuais, com belos e criativos artigos de artesanato.<br>Ornamenta\u00e7\u00e3o: O projeto Teres\u00f3polis Terra de Luz 2023 inclui decora\u00e7\u00e3o e ilumina\u00e7\u00e3o tem\u00e1tica de pontos estrat\u00e9gicos, feitos pelas equipes das secretarias municipais de Cultura e de Turismo, com apoio das secretarias municipais de Agricultura e de Obras e Servi\u00e7os P\u00fablicos. Entre eles, o p\u00f3rtico de entrada da cidade e da Feirarte \u2013 a popular Feirinha de Teres\u00f3polis, o Centro de Atendimento ao Turista, no Soberbo, a Cal\u00e7ada da Fama, o Parque Regadas e o canteiro central da Reta. A Pra\u00e7a Nilo Pe\u00e7anha, no Alto, ter\u00e1 painel instagram\u00e1vel. \u00c1rvores de Natal s\u00e3o instaladas em pontos estrat\u00e9gicos, como no in\u00edcio da Reta e no pr\u00e9dio da Prefeitura. A Pra\u00e7a de Santa Teresa, que recebeu do SESC Rio um ambiente tem\u00e1tico instagram\u00e1vel, j\u00e1 conta com a tradicional \u00e1rvore de Natal instalada pelas equipes da Prefeitura, que completar\u00e3o a ornamenta\u00e7\u00e3o com uma bola gigante e guirlanda.<\/p>\n\n\n\n<p><strong>Confira a programa\u00e7\u00e3o:<\/strong><\/p>\n\n\n\n<p>1\u00ba DE DEZEMBRO \u2013 SEXTA<br>\u2022 Liga do Natal 2023<br>Programa\u00e7\u00e3o gratuita:<\/p>\n\n\n\n<ul><li>16h \u00e0s 19h, Brincadeiras, conta\u00e7\u00e3o de hist\u00f3rias e distribui\u00e7\u00e3o de gibis;<\/li><li>16h \u00e0s 19h40, Globo de neve gigante;<\/li><li>19h \u00e0s 19h30, Cine de Natal: O Natal da Luna;<\/li><li>19h30 \u00e0s 20h20, apresenta\u00e7\u00f5es culturais;<\/li><li>20h30 \u00e0s 21h30, espet\u00e1culo \u2018Liga do Natal\u2019;<\/li><li>21h30, Encerramento.<br>Local: Pra\u00e7a Ol\u00edmpica Lu\u00eds de Cam\u00f5es, V\u00e1rzea<br>Realiza\u00e7\u00e3o: Produtora Universus e Instituto EcoCult<br>Patroc\u00ednio: Governo do Estado\/Sec. Est. de Cultura e Economia Criativa, Enel Distribui\u00e7\u00e3o Rio.<\/li><\/ul>\n\n\n\n<p>3 DE DEZEMBRO \u2013 DOMINGO<br>\u2022 10h &#8211; Cultura de Raiz \u2013 Edi\u00e7\u00e3o Especial Dia do Samba<br>Local: Casa de Cultura Adolpho Bloch<br>(Pra\u00e7a Juscelino Kubitschek, Araras)<br>Realiza\u00e7\u00e3o: Secretaria Municipal de Cultura<\/p>\n\n\n\n<p>\u2022 16h \u2013 Caravana Iluminada da Coca-Cola<br>Percurso: Sa\u00edda do Soberbo; avenidas Rotariana, Oliveira Botelho (Alto\/Feirarte) e Feliciano Sodr\u00e9 (V\u00e1rzea\/Prefeitura); ruas Tenente Lu\u00eds Meirelles (Gin\u00e1sio Pedr\u00e3o) e Waldir Barbosa Moreira (Rodovi\u00e1ria); avenidas Delfim Moreira, J. J. de Ara\u00fajo Regadas e L\u00facio Meira (Reta); ruas Djalma Monteiro, Tenente Lu\u00eds Meirelles e Governador Roberto Silveira (em dire\u00e7\u00e3o a S\u00e3o Pedro); ruas Fileuterpe, Jorge de Lima, Amap\u00e1 e Amazonas (Araras e F\u00e1tima) at\u00e9 a Pra\u00e7a Higino da Silveira\/Feirarte (Alto), de onde segue para Petr\u00f3polis.<br>Realiza\u00e7\u00e3o: Coca-Cola FEMSA Brasil<br>Obs.: Percurso sujeito a altera\u00e7\u00f5es, sem aviso.<\/p>\n\n\n\n<p>7 DE DEZEMBRO \u2013 QUINTA<br>\u2022 19h30 \u2013 Espet\u00e1culo \u2018Natal com D\u00f3-R\u00e9-Mi e Padre Omar\u2019<br>Local: Pra\u00e7a Ol\u00edmpica Lu\u00eds de Cam\u00f5es, V\u00e1rzea<br>Realiza\u00e7\u00e3o: SESC Rio<\/p>\n\n\n\n<p>7 a 10 de DEZEMBRO &#8211; QUINTA A DOMINGO<br>\u2022 Feira de Natal<br>Local: Espa\u00e7o Cultural Higino<br>(Av. Oliveira Botelho, 365, Alto)<br>Realiza\u00e7\u00e3o: Mox Produ\u00e7\u00f5es Art\u00edsticas<\/p>\n\n\n\n<p>\u2022 19h, Mapping de Natal<br>Local: Matriz de Santa Teresa<br>Realiza\u00e7\u00e3o: SESC Rio<\/p>\n\n\n\n<p>14 a 17 de DEZEMBRO &#8211; QUINTA A DOMINGO<br>\u2022 10 \u00e0s 19h, Feira Teres\u00f3polis Artes Manuais &#8211; Edi\u00e7\u00e3o Especial<br>Local: Espa\u00e7o Cultural Higino<br>(Av. Oliveira Botelho, 365, Alto)<br>Realiza\u00e7\u00e3o: Secretaria Municipal de Cultura<\/p>\n\n\n\n<p>AT\u00c9 25 DE DEZEMBRO<br>\u2022 6\u00ba Festival Gastron\u00f4mico Quebra Nozes<br>S\u00e3o 18 restaurantes e 18 pratos elaborados com ingredientes t\u00edpicos natalinos<br>Local: Restaurantes do Polo<br>Realiza\u00e7\u00e3o: Polo Gastron\u00f4mico de Teres\u00f3polis<\/p>\n","protected":false},"excerpt":{"rendered":"<p>As atra\u00e7\u00f5es do projeto Teres\u00f3polis Terra de Luz 2023 prometem iluminar, colorir e alegrar ruas<\/p>\n","protected":false},"author":1,"featured_media":37351,"comment_status":"closed","ping_status":"open","sticky":false,"template":"","format":"standard","meta":{"spay_email":"","footnotes":"","jetpack_publicize_message":""},"categories":[42],"tags":[],"jetpack_featured_media_url":"https:\/\/i1.wp.com\/jornaldeitaipava.com.br\/wp-content\/uploads\/2023\/11\/Video-mapping-2022_Arquivo_Bruno-Nepomuceno.jpeg?fit=1560%2C1040&ssl=1","jetpack_publicize_connections":[],"jetpack_sharing_enabled":true,"jetpack_likes_enabled":true,"jetpack-related-posts":[],"_links":{"self":[{"href":"https:\/\/jornaldeitaipava.com.br\/index.php\/wp-json\/wp\/v2\/posts\/37350"}],"collection":[{"href":"https:\/\/jornaldeitaipava.com.br\/index.php\/wp-json\/wp\/v2\/posts"}],"about":[{"href":"https:\/\/jornaldeitaipava.com.br\/index.php\/wp-json\/wp\/v2\/types\/post"}],"author":[{"embeddable":true,"href":"https:\/\/jornaldeitaipava.com.br\/index.php\/wp-json\/wp\/v2\/users\/1"}],"replies":[{"embeddable":true,"href":"https:\/\/jornaldeitaipava.com.br\/index.php\/wp-json\/wp\/v2\/comments?post=37350"}],"version-history":[{"count":1,"href":"https:\/\/jornaldeitaipava.com.br\/index.php\/wp-json\/wp\/v2\/posts\/37350\/revisions"}],"predecessor-version":[{"id":37352,"href":"https:\/\/jornaldeitaipava.com.br\/index.php\/wp-json\/wp\/v2\/posts\/37350\/revisions\/37352"}],"wp:featuredmedia":[{"embeddable":true,"href":"https:\/\/jornaldeitaipava.com.br\/index.php\/wp-json\/wp\/v2\/media\/37351"}],"wp:attachment":[{"href":"https:\/\/jornaldeitaipava.com.br\/index.php\/wp-json\/wp\/v2\/media?parent=37350"}],"wp:term":[{"taxonomy":"category","embeddable":true,"href":"https:\/\/jornaldeitaipava.com.br\/index.php\/wp-json\/wp\/v2\/categories?post=37350"},{"taxonomy":"post_tag","embeddable":true,"href":"https:\/\/jornaldeitaipava.com.br\/index.php\/wp-json\/wp\/v2\/tags?post=37350"}],"curies":[{"name":"wp","href":"https:\/\/api.w.org\/{rel}","templated":true}]}}