{"id":37356,"date":"2023-11-28T17:37:11","date_gmt":"2023-11-28T20:37:11","guid":{"rendered":"http:\/\/jornaldeitaipava.com.br\/?p=37356"},"modified":"2023-11-28T17:37:12","modified_gmt":"2023-11-28T20:37:12","slug":"banda-frei-aniceto-conquista-seis-premios-em-silva-jardim","status":"publish","type":"post","link":"https:\/\/jornaldeitaipava.com.br\/index.php\/2023\/11\/28\/banda-frei-aniceto-conquista-seis-premios-em-silva-jardim\/","title":{"rendered":"BANDA FREI ANICETO CONQUISTA SEIS PR\u00caMIOS EM SILVA JARDIM"},"content":{"rendered":"\n<p><strong>Consagrada pela excel\u00eancia musical e performance, banda mostra grande evolu\u00e7\u00e3o em menos de dois anos de nova gest\u00e3o<\/strong><\/p>\n\n\n\n<p>A Banda Marcial Frei Aniceto, da Escola S\u00e3o Judas Tadeu, conquistou seis pr\u00eamios no III Concurso de Bandas e Fanfarras de Silva Jardim\/RJ no \u00faltimo domingo. Com novas diretrizes e uniforme novo que estreou no desfile de Sete de Setembro, sua performance impressionou os jurados, fazendo com que a participa\u00e7\u00e3o marcasse a hist\u00f3ria de 21 anos do grupo.<br>Composto por diversas categorias, foi na s\u00eanior que a Frei Aniceto concorreu e trouxe para casa os pr\u00eamios: 1\u00ba lugar \u2013 Maestro; 1\u00ba lugar \u2013 Regente Mor; 1\u00ba lugar \u2013 Baliza; 1\u00ba lugar \u2013 Balizador; 1\u00ba lugar \u2013 Corpo Musical; 3\u00ba lugar \u2013 Pavilh\u00e3o Nacional. A banda se apresentou com 50 componentes, entre alunos, ex-alunos e alguns convidados.<br>\u201cTodo o nosso time est\u00e1 muito feliz! Esses pr\u00eamios atestam o crescimento da banda, um reconhecimento ao esfor\u00e7o de todos. Agora \u00e9 trabalhar muito para que a evolu\u00e7\u00e3o seja constante. Que venha 2024!\u201d &#8211; festeja o comandante e regente Bernardo Klippel.<br>Com uma hist\u00f3ria de 21 anos, a banda sofreu uma total rerformula\u00e7\u00e3o em 2021, tendo sido encampada pelo Grupo D\u00f3 R\u00e9 Mi que assumiu a dire\u00e7\u00e3o art\u00edstica e neste ano foi ainda incorporada pela Escola de M\u00fasica Cristo Redentor. \u201c\u00c9 uma realiza\u00e7\u00e3o constatar, com essa premia\u00e7\u00e3o maci\u00e7a, que est\u00e1 dando certo o investimento, tanto financeiro quanto institucional, que estamos fazendo na Frei Aniceto, com grande afinco\u201d \u2013destaca o maestro Leonardo Randolfo, diretor art\u00edstico da banda.<br>A estrutura que vem sendo desenvolvida junto \u00e0 Banda Frei Aniceto vem promovendo melhor qualifica\u00e7\u00e3o dos m\u00fasicos. Oferece aos componentes aulas individuais de instrumentos e classes de teoria musical, al\u00e9m da pr\u00e1tica e da viv\u00eancia de uma atividade que, como j\u00e1 se sabe \u00e9 comprovado, promove a melhoria da concentra\u00e7\u00e3o, agrega valores de disciplina e ensina o trabalho coletivo.<br>Sob a dire\u00e7\u00e3o Geral de Samea \u00c1zara, gestora da S\u00e3o Judas Tadeu, em 2022, a banda iniciou nova fase, quando passou a fazer parte do D\u00f3 R\u00e9 Mi, com a cria\u00e7\u00e3o do Programa de Educa\u00e7\u00e3o Musical implantado pelo grupo. Trata-se de um projeto de forma\u00e7\u00e3o musical de excel\u00eancia, que beneficia os alunos com aulas de teoria musical, solfejo, ritmo, percep\u00e7\u00e3o e ordem unida, al\u00e9m de instrumentos como trompete, trombone, bombardino, trompa, tuba e percuss\u00e3o.<br>Fundada em 2002, pela ent\u00e3o diretora M\u00f4nica Chung, em seu curr\u00edculo constam apresenta\u00e7\u00f5es em eventos diversos, solenidades p\u00fablicas e privadas, notadamente nos desfiles de Sete de Setembro. Seu nome foi escolhido em homenagem ao fundador da Escola S. Judas Tadeu, o educador e frade franciscano Frei Aniceto Kroker.<\/p>\n","protected":false},"excerpt":{"rendered":"<p>Consagrada pela excel\u00eancia musical e performance, banda mostra grande evolu\u00e7\u00e3o em menos de dois anos<\/p>\n","protected":false},"author":1,"featured_media":37357,"comment_status":"closed","ping_status":"open","sticky":false,"template":"","format":"standard","meta":{"spay_email":"","footnotes":"","jetpack_publicize_message":""},"categories":[1],"tags":[],"jetpack_featured_media_url":"https:\/\/i0.wp.com\/jornaldeitaipava.com.br\/wp-content\/uploads\/2023\/11\/WhatsApp-Image-2023-11-28-at-12.22.03.jpeg?fit=688%2C386&ssl=1","jetpack_publicize_connections":[],"jetpack_sharing_enabled":true,"jetpack_likes_enabled":true,"jetpack-related-posts":[],"_links":{"self":[{"href":"https:\/\/jornaldeitaipava.com.br\/index.php\/wp-json\/wp\/v2\/posts\/37356"}],"collection":[{"href":"https:\/\/jornaldeitaipava.com.br\/index.php\/wp-json\/wp\/v2\/posts"}],"about":[{"href":"https:\/\/jornaldeitaipava.com.br\/index.php\/wp-json\/wp\/v2\/types\/post"}],"author":[{"embeddable":true,"href":"https:\/\/jornaldeitaipava.com.br\/index.php\/wp-json\/wp\/v2\/users\/1"}],"replies":[{"embeddable":true,"href":"https:\/\/jornaldeitaipava.com.br\/index.php\/wp-json\/wp\/v2\/comments?post=37356"}],"version-history":[{"count":1,"href":"https:\/\/jornaldeitaipava.com.br\/index.php\/wp-json\/wp\/v2\/posts\/37356\/revisions"}],"predecessor-version":[{"id":37358,"href":"https:\/\/jornaldeitaipava.com.br\/index.php\/wp-json\/wp\/v2\/posts\/37356\/revisions\/37358"}],"wp:featuredmedia":[{"embeddable":true,"href":"https:\/\/jornaldeitaipava.com.br\/index.php\/wp-json\/wp\/v2\/media\/37357"}],"wp:attachment":[{"href":"https:\/\/jornaldeitaipava.com.br\/index.php\/wp-json\/wp\/v2\/media?parent=37356"}],"wp:term":[{"taxonomy":"category","embeddable":true,"href":"https:\/\/jornaldeitaipava.com.br\/index.php\/wp-json\/wp\/v2\/categories?post=37356"},{"taxonomy":"post_tag","embeddable":true,"href":"https:\/\/jornaldeitaipava.com.br\/index.php\/wp-json\/wp\/v2\/tags?post=37356"}],"curies":[{"name":"wp","href":"https:\/\/api.w.org\/{rel}","templated":true}]}}