{"id":37367,"date":"2023-11-28T18:34:06","date_gmt":"2023-11-28T21:34:06","guid":{"rendered":"http:\/\/jornaldeitaipava.com.br\/?p=37367"},"modified":"2023-11-28T18:34:08","modified_gmt":"2023-11-28T21:34:08","slug":"dia-de-acidentes-com-onibus-escancara-necessidade-de-mudancas-no-transporte-publico","status":"publish","type":"post","link":"https:\/\/jornaldeitaipava.com.br\/index.php\/2023\/11\/28\/dia-de-acidentes-com-onibus-escancara-necessidade-de-mudancas-no-transporte-publico\/","title":{"rendered":"Dia de acidentes com \u00f4nibus escancara necessidade de mudan\u00e7as no transporte p\u00fablico"},"content":{"rendered":"\n<p>A ter\u00e7a-feira (28) foi marcada por acidentes envolvendo as empresas Petro Ita e Cascatinha em diferentes pontos da cidade. Ainda na madrugada, um coletivo que trafegava pela Rua Get\u00falio Vargas, no Quitadinha, pegou fogo por volta das 5h. O \u00f4nibus, que fazia uma linha noturna, conhecida como &#8220;coruj\u00e3o&#8221; ficou totalmente destru\u00eddo.<br>Ainda na parte da manh\u00e3, outro \u00f4nibus tamb\u00e9m da Petro Ita se chocou contra uma mureta na beira do rio, na Rua Washington Luiz, no Centro. Segundo informa\u00e7\u00f5es, o motorista teria perdido o controle do ve\u00edculo que estava cheio no momento. Um terceiro acidente, envolvendo um \u00f4nibus da Via\u00e7\u00e3o Cascatinha, este de menor gravidade, foi registrado na regi\u00e3o da Estrada da Saudade. Em ambos os casos, n\u00e3o houve v\u00edtimas.<br>Alvos de constantes den\u00fancias as duas empresas de transporte est\u00e3o com dificuldades em operar na cidade. A situa\u00e7\u00e3o piorou ap\u00f3s o inc\u00eandio que destruiu 70 ve\u00edculos que estavam na garagem da empresa, em maio deste ano.<br>O Minist\u00e9rio P\u00fablico formalizou este m\u00eas um pedido da 4\u00aa Vara C\u00edvel pedindo que 34 ve\u00edculos da Petro Ita fossem substitu\u00eddos devido a reprova\u00e7\u00f5es em vistorias.<\/p>\n","protected":false},"excerpt":{"rendered":"<p>A ter\u00e7a-feira (28) foi marcada por acidentes envolvendo as empresas Petro Ita e Cascatinha em<\/p>\n","protected":false},"author":1,"featured_media":37368,"comment_status":"closed","ping_status":"open","sticky":false,"template":"","format":"standard","meta":{"spay_email":"","footnotes":"","jetpack_publicize_message":""},"categories":[24],"tags":[],"jetpack_featured_media_url":"https:\/\/i1.wp.com\/jornaldeitaipava.com.br\/wp-content\/uploads\/2023\/11\/onibus-1.jpg?fit=510%2C242&ssl=1","jetpack_publicize_connections":[],"jetpack_sharing_enabled":true,"jetpack_likes_enabled":true,"jetpack-related-posts":[],"_links":{"self":[{"href":"https:\/\/jornaldeitaipava.com.br\/index.php\/wp-json\/wp\/v2\/posts\/37367"}],"collection":[{"href":"https:\/\/jornaldeitaipava.com.br\/index.php\/wp-json\/wp\/v2\/posts"}],"about":[{"href":"https:\/\/jornaldeitaipava.com.br\/index.php\/wp-json\/wp\/v2\/types\/post"}],"author":[{"embeddable":true,"href":"https:\/\/jornaldeitaipava.com.br\/index.php\/wp-json\/wp\/v2\/users\/1"}],"replies":[{"embeddable":true,"href":"https:\/\/jornaldeitaipava.com.br\/index.php\/wp-json\/wp\/v2\/comments?post=37367"}],"version-history":[{"count":1,"href":"https:\/\/jornaldeitaipava.com.br\/index.php\/wp-json\/wp\/v2\/posts\/37367\/revisions"}],"predecessor-version":[{"id":37369,"href":"https:\/\/jornaldeitaipava.com.br\/index.php\/wp-json\/wp\/v2\/posts\/37367\/revisions\/37369"}],"wp:featuredmedia":[{"embeddable":true,"href":"https:\/\/jornaldeitaipava.com.br\/index.php\/wp-json\/wp\/v2\/media\/37368"}],"wp:attachment":[{"href":"https:\/\/jornaldeitaipava.com.br\/index.php\/wp-json\/wp\/v2\/media?parent=37367"}],"wp:term":[{"taxonomy":"category","embeddable":true,"href":"https:\/\/jornaldeitaipava.com.br\/index.php\/wp-json\/wp\/v2\/categories?post=37367"},{"taxonomy":"post_tag","embeddable":true,"href":"https:\/\/jornaldeitaipava.com.br\/index.php\/wp-json\/wp\/v2\/tags?post=37367"}],"curies":[{"name":"wp","href":"https:\/\/api.w.org\/{rel}","templated":true}]}}