{"id":37370,"date":"2023-11-28T19:43:04","date_gmt":"2023-11-28T22:43:04","guid":{"rendered":"http:\/\/jornaldeitaipava.com.br\/?p=37370"},"modified":"2023-11-28T19:43:06","modified_gmt":"2023-11-28T22:43:06","slug":"acao-conjunta-de-comissoes-da-camara-flagra-onibus-quebrados-e-com-vistoria-vencida","status":"publish","type":"post","link":"https:\/\/jornaldeitaipava.com.br\/index.php\/2023\/11\/28\/acao-conjunta-de-comissoes-da-camara-flagra-onibus-quebrados-e-com-vistoria-vencida\/","title":{"rendered":"A\u00e7\u00e3o conjunta de comiss\u00f5es da C\u00e2mara flagra \u00f4nibus quebrados e com vistoria vencida"},"content":{"rendered":"\n<p>Uma a\u00e7\u00e3o conjunta da Comiss\u00e3o de Transporte P\u00fablico e Mobilidade Urbana da C\u00e2mara Municipal de Petr\u00f3polis com a Comiss\u00e3o Especial da Casa que analisa as concess\u00f5es e parcerias p\u00fablico-privadas em vigor no munic\u00edpio resultou, nesta ter\u00e7a-feira (28), no levantamento de informa\u00e7\u00f5es sobre 111 \u00f4nibus que est\u00e3o em opera\u00e7\u00e3o no munic\u00edpio. O n\u00famero representa um ter\u00e7o da frota das empresas que atuam no munic\u00edpio. Durante a opera\u00e7\u00e3o, iniciada no fim da manh\u00e3, os vereadores Hingo Hammes, J\u00falia Casamasso e Eduardo do Blog flagraram \u00f4nibus quebrados, com licenciamento atrasado e com a vistoria vencida. Os dados ser\u00e3o compilados e transformados em relat\u00f3rio que ser\u00e1 encaminhado \u00e0s autoridades competentes e tamb\u00e9m ao Minist\u00e9rio P\u00fablico.<br>Presidente da Comiss\u00e3o de Transporte P\u00fablico e Mobilidade Urbana da C\u00e2mara Municipal, o vereador Hingo Hammes explicou que, assim como aconteceu com as fiscaliza\u00e7\u00f5es anteriores das comiss\u00f5es, a nova a\u00e7\u00e3o vai subsidiar tanto a C\u00e2mara quanto o Minist\u00e9rio P\u00fablico no trabalho legislativo e na cobran\u00e7a \u00e0s empresas e ao Poder Executivo. \u201c\u00c9 fun\u00e7\u00e3o do vereador fiscalizar e cobrar as melhorias. O que est\u00e1 acontecendo \u00e9 absurdo. S\u00e3o \u00f4nibus quebrados todos os dias e os acidentes s\u00e3o cada vez mais frequentes. A solu\u00e7\u00e3o n\u00e3o \u00e9 f\u00e1cil, mas a CPTrans precisa agir. \u00d4nibus reprovados em vistorias e em condi\u00e7\u00f5es que n\u00e3o garantam a seguran\u00e7a de funcion\u00e1rios, passageiros e da popula\u00e7\u00e3o, em geral, n\u00e3o podem ir \u00e0s ruas. Estamos falando de uma trag\u00e9dia anunciada. O munic\u00edpio precisa fazer a interven\u00e7\u00e3o, de forma legal e transparente\u201d, criticou, lembrando que a comiss\u00e3o vem cobrando tamb\u00e9m a regulariza\u00e7\u00e3o do pagamento do vale-educa\u00e7\u00e3o. \u201c\u00c9 o que garante a gratuidade dos estudantes\u201d, lembrou.<br>A vereadora J\u00falia Casamasso, que preside a Comiss\u00e3o Especial que analisa as concess\u00f5es e parcerias p\u00fablico-privadas, apontou a falta de respeito com o cidad\u00e3o. \u201cNo meio da fiscaliza\u00e7\u00e3o, encontramos \u00f4nibus quebrados no ponto e ainda houve um acidente na Washington Lu\u00eds. O transporte p\u00fablico \u00e9 um servi\u00e7o essencial! Pagamos caro por esse servi\u00e7o, as empresas precisam se comprometer a oferecer um servi\u00e7o digno, n\u00e3o apenas querer lucrar com a opera\u00e7\u00e3o. N\u00e3o vamos cruzar os bra\u00e7os e esperar um acidente mais grave acontecer! \u00c9 urgente uma interven\u00e7\u00e3o nas empresas Petro Ita e a Cascatinha, que re\u00fanem o maior n\u00famero de irregularidades. Se essas empresas n\u00e3o t\u00eam condi\u00e7\u00f5es de oferecer um transporte p\u00fablico de qualidade, o Munic\u00edpio tem que tomar para si a opera\u00e7\u00e3o, o que n\u00e3o podemos \u00e9 seguir colecionando acidentes e den\u00fancias sobre os \u00f4nibus da cidade \u201d, afirmou.<br>O vereador Eduardo do Blog, que tamb\u00e9m faz parte da Comiss\u00e3o de Transporte, acompanhou as vistorias e conversou com usu\u00e1rios do sistema de transporte. Ele lembrou que a popula\u00e7\u00e3o j\u00e1 n\u00e3o aguenta mais o descaso das empresas. \u201cPetro Ita e Cascatinha s\u00e3o as que claramente t\u00eam o maior volume de problemas. O inc\u00eandio na garagem das empresas, em maio, agravou o que j\u00e1 estava muito complicado. A popula\u00e7\u00e3o n\u00e3o pode continuar sendo penalizada. Estamos falando de vidas!\u201d, criticou.<br>Os dados da fiscaliza\u00e7\u00e3o realizada nesta ter\u00e7a-feira ser\u00e3o reunidos e o relat\u00f3rio completo da a\u00e7\u00e3o conjunta das comiss\u00f5es da C\u00e2mara ser\u00e1 divulgado nos pr\u00f3ximos dias.<\/p>\n","protected":false},"excerpt":{"rendered":"<p>Uma a\u00e7\u00e3o conjunta da Comiss\u00e3o de Transporte P\u00fablico e Mobilidade Urbana da C\u00e2mara Municipal de<\/p>\n","protected":false},"author":1,"featured_media":37371,"comment_status":"closed","ping_status":"open","sticky":false,"template":"","format":"standard","meta":{"spay_email":"","footnotes":"","jetpack_publicize_message":""},"categories":[24],"tags":[],"jetpack_featured_media_url":"https:\/\/i2.wp.com\/jornaldeitaipava.com.br\/wp-content\/uploads\/2023\/11\/WhatsApp-Image-2023-11-28-at-19.40.53.jpeg?fit=1024%2C577&ssl=1","jetpack_publicize_connections":[],"jetpack_sharing_enabled":true,"jetpack_likes_enabled":true,"jetpack-related-posts":[],"_links":{"self":[{"href":"https:\/\/jornaldeitaipava.com.br\/index.php\/wp-json\/wp\/v2\/posts\/37370"}],"collection":[{"href":"https:\/\/jornaldeitaipava.com.br\/index.php\/wp-json\/wp\/v2\/posts"}],"about":[{"href":"https:\/\/jornaldeitaipava.com.br\/index.php\/wp-json\/wp\/v2\/types\/post"}],"author":[{"embeddable":true,"href":"https:\/\/jornaldeitaipava.com.br\/index.php\/wp-json\/wp\/v2\/users\/1"}],"replies":[{"embeddable":true,"href":"https:\/\/jornaldeitaipava.com.br\/index.php\/wp-json\/wp\/v2\/comments?post=37370"}],"version-history":[{"count":1,"href":"https:\/\/jornaldeitaipava.com.br\/index.php\/wp-json\/wp\/v2\/posts\/37370\/revisions"}],"predecessor-version":[{"id":37372,"href":"https:\/\/jornaldeitaipava.com.br\/index.php\/wp-json\/wp\/v2\/posts\/37370\/revisions\/37372"}],"wp:featuredmedia":[{"embeddable":true,"href":"https:\/\/jornaldeitaipava.com.br\/index.php\/wp-json\/wp\/v2\/media\/37371"}],"wp:attachment":[{"href":"https:\/\/jornaldeitaipava.com.br\/index.php\/wp-json\/wp\/v2\/media?parent=37370"}],"wp:term":[{"taxonomy":"category","embeddable":true,"href":"https:\/\/jornaldeitaipava.com.br\/index.php\/wp-json\/wp\/v2\/categories?post=37370"},{"taxonomy":"post_tag","embeddable":true,"href":"https:\/\/jornaldeitaipava.com.br\/index.php\/wp-json\/wp\/v2\/tags?post=37370"}],"curies":[{"name":"wp","href":"https:\/\/api.w.org\/{rel}","templated":true}]}}