{"id":37373,"date":"2023-11-29T19:33:32","date_gmt":"2023-11-29T22:33:32","guid":{"rendered":"http:\/\/jornaldeitaipava.com.br\/?p=37373"},"modified":"2023-11-29T19:33:34","modified_gmt":"2023-11-29T22:33:34","slug":"casa-stefan-zweig-recebe-o-pianista-francisco-pellegrini-que-faz-homenagem-aos-160-anos-de-ernesto-nazareth","status":"publish","type":"post","link":"https:\/\/jornaldeitaipava.com.br\/index.php\/2023\/11\/29\/casa-stefan-zweig-recebe-o-pianista-francisco-pellegrini-que-faz-homenagem-aos-160-anos-de-ernesto-nazareth\/","title":{"rendered":"Casa Stefan Zweig recebe o pianista Francisco Pellegrini que faz homenagem aos 160 anos de Ernesto Nazareth"},"content":{"rendered":"\n<p><strong>Evento acontece s\u00e1bado, 02\/12, \u00e0s 11h, com entrada franca e lugares limitados<\/strong><\/p>\n\n\n\n<p><br>Com apoio da Prefeitura Municipal de Petr\u00f3polis, a Casa Stefan Zweig realizar\u00e1 no pr\u00f3ximo s\u00e1bado, o concerto de piano solo de Francisco Pellegrini que far\u00e1 uma homenagem aos 160 anos de Ernesto Nazareth. A entrada ser\u00e1 franca e com lugares limitados. As reservas poder\u00e3o ser feitas pelo e-mail: casastefanzweig@gmail.com ou pelo WhatsApp 24 992 566 532.<br>De passagem ao Brasil, Francisco Pellegrini apresenta um repert\u00f3rio especial com m\u00fasicas de um dos maiores g\u00eanio da m\u00fasica popular brasileira. \u201cAos 5 anos de idade, ao ouvir a m\u00fasica do Ernesto Nazareth na casa da minha av\u00f3, decidi que seria pianista. Na ocasi\u00e3o dos 150 anos de seu nascimento, fiz um espet\u00e1culo em homenagem a ele, com atores, v\u00eddeos e m\u00fasica. Fico muito feliz de 10 anos depois, voltar a tocar esse repert\u00f3rio maravilhoso\u201d, conta o pianista.<br>\u201cAl\u00e9m do Lundu, a agilidade das composi\u00e7\u00f5es de Ernesto Nazareth vem da influ\u00eancia das m\u00fasicas de cinema na \u00e9poca por causa de seu trabalho no Cine Odeon\u201d comenta Luiz Aquila, um dos diretores da Casa Stefan Zweig.<\/p>\n\n\n\n<p><strong>Sobre o pianista<br><\/strong>Francisco Pellegrini \u00e9 compositor, pianista e acordeonista. Nascido em Niter\u00f3i, Rio de Janeiro em 1990, come\u00e7ou a estudar m\u00fasica aos 8 anos de idade e aos 14 a tocar profissionalmente. Tocou nas mais importantes salas do Brasil com reconhecidos artistas como Milton Nascimento, Roberto Menescal, Sergio Ricardo, Maria Gado\u0301, C\u00e1tia de Fran\u00e7a, \u00c1urea Martins, Marcos Suzano e D\u00e9lcio Carvalho.<\/p>\n\n\n\n<p><strong>Sobre a Casa Stefan Zweig<br><\/strong>A CASA STEFAN ZWEIG \u00e9 uma entidade cultural de direito privado, sem fins lucrativos, com sede e foro na cidade de Petr\u00f3polis.<br>Seu principal objetivo \u00e9 homenagear a mem\u00f3ria de Stefan Zweig na casa que serviu de \u00faltima morada para o escritor e sua mulher. O museu CASA STEFAN ZWEIG \u00e9 tamb\u00e9m um Memorial do Ex\u00edlio, destinado a divulgar as obras de outros artistas, intelectuais e cientistas que se refugiaram no Brasil durante no per\u00edodo 1933-1945 e que contribu\u00edram para a cultura, as artes e a ci\u00eancia do pa\u00eds.<br>Al\u00e9m de realizar atividades culturais como exposi\u00e7\u00f5es, mostras, concursos, programa\u00e7\u00f5es e produ\u00e7\u00f5es teatrais, cinematogr\u00e1ficas e de m\u00eddia; a CASA STEFAN ZWEIG tem parcerias com entidades afins, oferecendo acesso online a pesquisadores e ao p\u00fablico em geral.<br>Com uma nova equipe de educadores e produtores culturais, a CASA STEFAN ZWEIG busca o envolvimento da comunidade petropolitana, com \u00eanfase no p\u00fablico jovem (estudantes de escolas p\u00fablicas e privadas). Fiel ao ide\u00e1rio de Stefan Zweig, pretende ser um centro de refer\u00eancia em defesa da paz, do humanismo e da democracia.<\/p>\n\n\n\n<p><strong><em>Servi\u00e7o:<\/em><br><\/strong><em>Francisco Pellegrini &#8211; concerto em homenagem a Ernesto Nazareth \u2013 160 anos<\/em><br>02\/12\/2023, s\u00e1bado, 11h<br>Rua Gon\u00e7alves Dias, 34, Valpara\u00edso (pr\u00f3ximo \u00e0s Duas Pontes)<br>Entrada Franca<\/p>\n","protected":false},"excerpt":{"rendered":"<p>Evento acontece s\u00e1bado, 02\/12, \u00e0s 11h, com entrada franca e lugares limitados Com apoio da<\/p>\n","protected":false},"author":1,"featured_media":33608,"comment_status":"closed","ping_status":"open","sticky":false,"template":"","format":"standard","meta":{"spay_email":"","footnotes":"","jetpack_publicize_message":""},"categories":[1],"tags":[],"jetpack_featured_media_url":"https:\/\/i1.wp.com\/jornaldeitaipava.com.br\/wp-content\/uploads\/2023\/03\/STEFAN-ZWEIG.jpg?fit=1200%2C803&ssl=1","jetpack_publicize_connections":[],"jetpack_sharing_enabled":true,"jetpack_likes_enabled":true,"jetpack-related-posts":[],"_links":{"self":[{"href":"https:\/\/jornaldeitaipava.com.br\/index.php\/wp-json\/wp\/v2\/posts\/37373"}],"collection":[{"href":"https:\/\/jornaldeitaipava.com.br\/index.php\/wp-json\/wp\/v2\/posts"}],"about":[{"href":"https:\/\/jornaldeitaipava.com.br\/index.php\/wp-json\/wp\/v2\/types\/post"}],"author":[{"embeddable":true,"href":"https:\/\/jornaldeitaipava.com.br\/index.php\/wp-json\/wp\/v2\/users\/1"}],"replies":[{"embeddable":true,"href":"https:\/\/jornaldeitaipava.com.br\/index.php\/wp-json\/wp\/v2\/comments?post=37373"}],"version-history":[{"count":1,"href":"https:\/\/jornaldeitaipava.com.br\/index.php\/wp-json\/wp\/v2\/posts\/37373\/revisions"}],"predecessor-version":[{"id":37374,"href":"https:\/\/jornaldeitaipava.com.br\/index.php\/wp-json\/wp\/v2\/posts\/37373\/revisions\/37374"}],"wp:featuredmedia":[{"embeddable":true,"href":"https:\/\/jornaldeitaipava.com.br\/index.php\/wp-json\/wp\/v2\/media\/33608"}],"wp:attachment":[{"href":"https:\/\/jornaldeitaipava.com.br\/index.php\/wp-json\/wp\/v2\/media?parent=37373"}],"wp:term":[{"taxonomy":"category","embeddable":true,"href":"https:\/\/jornaldeitaipava.com.br\/index.php\/wp-json\/wp\/v2\/categories?post=37373"},{"taxonomy":"post_tag","embeddable":true,"href":"https:\/\/jornaldeitaipava.com.br\/index.php\/wp-json\/wp\/v2\/tags?post=37373"}],"curies":[{"name":"wp","href":"https:\/\/api.w.org\/{rel}","templated":true}]}}