{"id":37375,"date":"2023-11-29T19:37:35","date_gmt":"2023-11-29T22:37:35","guid":{"rendered":"http:\/\/jornaldeitaipava.com.br\/?p=37375"},"modified":"2023-11-29T19:37:37","modified_gmt":"2023-11-29T22:37:37","slug":"hingo-hammes-pede-intervencao-municipal-nas-empresas-petro-ita-e-cascatinha","status":"publish","type":"post","link":"https:\/\/jornaldeitaipava.com.br\/index.php\/2023\/11\/29\/hingo-hammes-pede-intervencao-municipal-nas-empresas-petro-ita-e-cascatinha\/","title":{"rendered":"Hingo Hammes pede interven\u00e7\u00e3o municipal nas empresas Petro Ita e Cascatinha"},"content":{"rendered":"\n<p>O vereador Hingo Hammes, presidente da Comiss\u00e3o de Transporte e Mobilidade da C\u00e2mara Municipal, vai formalizar ao Executivo Municipal pedido de interven\u00e7\u00e3o nas empresas Petro Ita e Cascatinha. O pedido, que destaca a import\u00e2ncia do cumprimento do devido processo legal, com chamamento p\u00fablico, vai ao encontro dos sucessivos problemas registrados com ve\u00edculos das empresas, que evidenciam a falta de manuten\u00e7\u00e3o e representam risco \u00e0 vida de funcion\u00e1rios das empresas, usu\u00e1rios do sistema e da popula\u00e7\u00e3o em geral.<br>O vereador, que, nesta ter\u00e7a-feira (28), fez, junto dos vereadores Eduardo do Blog e J\u00falia Casamasso, fiscaliza\u00e7\u00e3o no centro, a fim de levantar informa\u00e7\u00f5es sobre a situa\u00e7\u00e3o dos \u00f4nibus em circula\u00e7\u00e3o, lembrou que todas as informa\u00e7\u00f5es apuradas ao longo do ano pela Comiss\u00e3o de Transporte e Mobilidade da C\u00e2mara, pela Comiss\u00e3o Especial de Concess\u00f5es e Parcerias P\u00fablico-Privadas e tamb\u00e9m pelos conselheiros representantes da sociedade civil no Comutran j\u00e1 foram encaminhadas ao Minist\u00e9rio P\u00fablico.<br>O documento, entregue \u00e0 2\u00aa Promotoria de Tutela Coletiva do N\u00facleo de Petr\u00f3polis, foi juntado a outros e utilizado tamb\u00e9m para subsidiar requerimento feito pelo MP \u00e0 4\u00aa Vara C\u00edvel solicitando que a Petro Ita fosse intimada a retirar das ruas e substituir, num prazo m\u00e1ximo de 48 horas, 33 \u00f4nibus da empresa que foram reprovados em vistoria realizada pela Companhia Petropolitana de Tr\u00e2nsito e Transportes (CPTrans).<br>\u201cQual \u00e9 a d\u00favida que ainda resta sobre as condi\u00e7\u00f5es de opera\u00e7\u00e3o dos \u00f4nibus da Petro Ita e da Cascatinha? N\u00e3o h\u00e1 seguran\u00e7a! Isso est\u00e1 claro! Manter estes \u00f4nibus nas ruas \u00e9 colocar em risco a vida de milhares de pessoas! O que estamos pedindo \u00e9 seriedade e responsabilidade! N\u00e3o tem como continuar dessa forma. O transporte p\u00fablico \u00e9 um servi\u00e7o essencial, que n\u00e3o pode parar. Se as empresas n\u00e3o t\u00eam como operar, que o Munic\u00edpio atue conforme a legisla\u00e7\u00e3o permite. Que fa\u00e7a a interven\u00e7\u00e3o e trabalhe para realizar a licita\u00e7\u00e3o, garantindo que a popula\u00e7\u00e3o tenha servi\u00e7o digno e seguro\u201d, criticou Hingo Hammes.<\/p>\n","protected":false},"excerpt":{"rendered":"<p>O vereador Hingo Hammes, presidente da Comiss\u00e3o de Transporte e Mobilidade da C\u00e2mara Municipal, vai<\/p>\n","protected":false},"author":1,"featured_media":37376,"comment_status":"closed","ping_status":"open","sticky":false,"template":"","format":"standard","meta":{"spay_email":"","footnotes":"","jetpack_publicize_message":""},"categories":[2],"tags":[],"jetpack_featured_media_url":"https:\/\/i1.wp.com\/jornaldeitaipava.com.br\/wp-content\/uploads\/2023\/11\/WhatsApp-Image-2023-11-29-at-11.26.29.jpeg?fit=1024%2C681&ssl=1","jetpack_publicize_connections":[],"jetpack_sharing_enabled":true,"jetpack_likes_enabled":true,"jetpack-related-posts":[],"_links":{"self":[{"href":"https:\/\/jornaldeitaipava.com.br\/index.php\/wp-json\/wp\/v2\/posts\/37375"}],"collection":[{"href":"https:\/\/jornaldeitaipava.com.br\/index.php\/wp-json\/wp\/v2\/posts"}],"about":[{"href":"https:\/\/jornaldeitaipava.com.br\/index.php\/wp-json\/wp\/v2\/types\/post"}],"author":[{"embeddable":true,"href":"https:\/\/jornaldeitaipava.com.br\/index.php\/wp-json\/wp\/v2\/users\/1"}],"replies":[{"embeddable":true,"href":"https:\/\/jornaldeitaipava.com.br\/index.php\/wp-json\/wp\/v2\/comments?post=37375"}],"version-history":[{"count":1,"href":"https:\/\/jornaldeitaipava.com.br\/index.php\/wp-json\/wp\/v2\/posts\/37375\/revisions"}],"predecessor-version":[{"id":37377,"href":"https:\/\/jornaldeitaipava.com.br\/index.php\/wp-json\/wp\/v2\/posts\/37375\/revisions\/37377"}],"wp:featuredmedia":[{"embeddable":true,"href":"https:\/\/jornaldeitaipava.com.br\/index.php\/wp-json\/wp\/v2\/media\/37376"}],"wp:attachment":[{"href":"https:\/\/jornaldeitaipava.com.br\/index.php\/wp-json\/wp\/v2\/media?parent=37375"}],"wp:term":[{"taxonomy":"category","embeddable":true,"href":"https:\/\/jornaldeitaipava.com.br\/index.php\/wp-json\/wp\/v2\/categories?post=37375"},{"taxonomy":"post_tag","embeddable":true,"href":"https:\/\/jornaldeitaipava.com.br\/index.php\/wp-json\/wp\/v2\/tags?post=37375"}],"curies":[{"name":"wp","href":"https:\/\/api.w.org\/{rel}","templated":true}]}}