{"id":37378,"date":"2023-11-29T19:41:18","date_gmt":"2023-11-29T22:41:18","guid":{"rendered":"http:\/\/jornaldeitaipava.com.br\/?p=37378"},"modified":"2023-11-29T19:41:19","modified_gmt":"2023-11-29T22:41:19","slug":"exposicao-no-centro-cultural-sesc-quitandinha-celebra-os-80-anos-do-espaco","status":"publish","type":"post","link":"https:\/\/jornaldeitaipava.com.br\/index.php\/2023\/11\/29\/exposicao-no-centro-cultural-sesc-quitandinha-celebra-os-80-anos-do-espaco\/","title":{"rendered":"Exposi\u00e7\u00e3o no Centro Cultural Sesc Quitandinha celebra os 80 anos do espa\u00e7o"},"content":{"rendered":"\n<p>\u201cDa Kutanda ao Quitandinha\u201d \u00e9 composta por exposi\u00e7\u00e3o e programa\u00e7\u00e3o art\u00edstica alusivas \u00e0 hist\u00f3ria da edifica\u00e7\u00e3o e do territ\u00f3rio onde est\u00e1 inserida. Obras de artistas que fizeram hist\u00f3ria no pal\u00e1cio, como Anna Bella Geiger, Tom\u00e1s Santa Rosa e Wilson Tib\u00e9rio, dialogam com trabalhos de nomes da nova gera\u00e7\u00e3o, como Ana Beatriz Almeida, PV Dias, G\u00ea Viana, Rafaela Pinah, Wallace Pato e Aline Castella.<br>PETR\u00d3POLIS\/RJ &#8211; O Centro Cultural Sesc Quitandinha, em Petr\u00f3polis, inaugura nesta sexta-feira (1\/12) a exposi\u00e7\u00e3o \u201cDa Kutanda ao Quitandinha &#8211; 80 anos\u201d, projeto que abre as celebra\u00e7\u00f5es das oito d\u00e9cadas \u2013 completadas em 2024 \u2013 da edifica\u00e7\u00e3o que, devido \u00e0 sua arquitetura, \u00e9 um dos principais cart\u00f5es postais da cidade serrana.<br>Inaugurado em 1944, o edif\u00edcio abrigou um dos maiores hot\u00e9is-cassino da Am\u00e9rica Latina, mas teve sua voca\u00e7\u00e3o transformada ap\u00f3s o presidente Eurico Gaspar Dutra proibir os jogos de azar no Brasil, em 1946. Desde 2007, a \u00e1rea monumental pertence ao Sesc RJ, que a transformou em um Centro Cultural em abril deste ano.<br>Com curadoria geral de Marcelo Campos, a programa\u00e7\u00e3o, que se estende at\u00e9 25 de fevereiro, conta com exposi\u00e7\u00f5es, shows musicais e espet\u00e1culo de teatro, al\u00e9m de semin\u00e1rios e oficinas. As atividades fazem refer\u00eancia \u00e0 hist\u00f3ria da edifica\u00e7\u00e3o e do territ\u00f3rio onde ela est\u00e1 inserida \u2013 uma regi\u00e3o com forte identidade afro-brasileira por conta dos quilombos formadores da cidade de Petr\u00f3polis.<br>O carro-chefe do projeto \u00e9 a exposi\u00e7\u00e3o, dividida em seis n\u00facleos curatoriais espalhados pelos diferentes sal\u00f5es do pal\u00e1cio. Al\u00e9m do trabalho de artistas da nova gera\u00e7\u00e3o, h\u00e1 obras e refer\u00eancias hist\u00f3ricas a nomes importantes das artes no Brasil e que se relacionam com o monumental edif\u00edcio petropolitano.<\/p>\n\n\n\n<p><strong>Obras simbolizam a ancestralidade no territ\u00f3rio do Quitandinha<br><\/strong>O primeiro n\u00facleo, com curadoria de Filipe Graciano e Renata Aquino, traz fotografias, pinturas e v\u00eddeos que remontam \u00e0 origem hist\u00f3rica da presen\u00e7a afrodiasp\u00f3rica neste territ\u00f3rio. O Nome \u201cQuitandinha\u201d, inclusive, tem origem no quimbundo, l\u00edngua falada em Angola, antigo Reino do Dongo, lugar de origem de muitos dos africanos que formam a popula\u00e7\u00e3o afro-brasileira. A profiss\u00e3o das quitandeiras \u2013 mulheres pretas que se fizeram presentes na quitanda &#8211; movimentou uma fatia importante da economia do s\u00e9culo XIX. Neste espa\u00e7o, destacam-se obras de Ana Beatriz Almeida, PV Dias, G\u00ea Viana, Rafaela Pinah, Wallace Pato e Aline Castella.<\/p>\n\n\n\n<p><strong>A hist\u00f3ria por tr\u00e1s do criador de pinturas do pal\u00e1cio<br><\/strong>Tom\u00e1s Santa Rosa (1909 \u2013 1956) \u2013 primeiro cen\u00f3grafo moderno brasileiro e diagramador e gravurista de livros do pa\u00eds \u2013 \u00e9 tema do segundo n\u00facleo expositivo, com curadoria de Marcelo Campos e Bruno Pinheiro. Suas obras, que decoram alguns espa\u00e7os do Pal\u00e1cio Quitandinha, ganharam tratamento e restauro e poder\u00e3o ser vistas na Piscina, Galeria das Estrelas e Jardim de Inverno. O visitante poder\u00e1 apreciar cria\u00e7\u00f5es de diversas fases da sua carreira, livros ilustrados por ele e maquetes de cen\u00e1rios de sua autoria. Outro destaque \u00e9 a cenografia alusiva aos adere\u00e7os criados por ele para o carnaval de rua de 1954.<\/p>\n\n\n\n<p><strong>\u00c1gua-viva gigante faz alus\u00e3o \u00e0 obra de Tom\u00e1s Santa Rosa<br><\/strong>O terceiro n\u00facleo ter\u00e1 uma \u00e1gua-viva infl\u00e1vel de oito metros de altura, iluminada por luzes LED, ocupando o Sal\u00e3o Mau\u00e1, a c\u00fapula do Centro Cultural. Assinada pelo artista pl\u00e1stico paulistano Felipe Yung, a pe\u00e7a dialoga com as obras de Tom\u00e1s Santa Rosa, que, inspiradas no livro \u201c20 mil l\u00e9guas submarinas\u201d, de Julio Verne, decoram a piscina interna do edif\u00edcio. O espa\u00e7o, at\u00e9 ent\u00e3o fechado ao p\u00fablico, abrir\u00e1 \u00e0 visita\u00e7\u00e3o pela primeira vez para aprecia\u00e7\u00e3o das obras.<\/p>\n\n\n\n<p><strong>Anna Bella Geiger e os 70 anos da primeira exposi\u00e7\u00e3o de arte abstrata<br><\/strong>Realizada em 1953 no ent\u00e3o Hotel Quitandinha, a 1\u00aa Exposi\u00e7\u00e3o Nacional de Arte Abstrata \u00e9 recordada no quarto n\u00facleo da mostra. Ela apresenta pe\u00e7as de artistas que participaram do evento, com destaque para Anna Bella Geiger, que, aos 90 anos, \u00e9 uma das mais importantes em atividade. A artista pl\u00e1stica participou de momentos emblem\u00e1ticos da hist\u00f3ria da arte no Brasil como uma mulher pioneira na gravura, na videoarte e na pesquisa em diversos suportes, marca registrada de sua produ\u00e7\u00e3o art\u00edstica. O p\u00fablico ter\u00e1 acesso a trabalhos exibidos em 1953 e produ\u00e7\u00f5es in\u00e9ditas.<\/p>\n\n\n\n<p><strong>Wilson Tib\u00e9rio, artista negro com primeira exposi\u00e7\u00e3o no Quitandinha<br><\/strong>O quinto n\u00facleo expositivo, com curadoria e pesquisa de Bruno Pinheiro, homenageia Wilson Barcelos Tib\u00e9rio (1920-2005), artista ga\u00facho radicado no Rio de Janeiro e que teve sua primeira exposi\u00e7\u00e3o individual no ent\u00e3o Hotel-Termas Quitandinha, em 1946. As telas em exposi\u00e7\u00e3o eram parte do interesse cont\u00ednuo do pintor em documentar o cotidiano de pessoas negras como ele pr\u00f3prio. Telas, documentos e v\u00eddeos relembram a mostra, que foi noticiada nos dias seguintes em jornais do Rio e de Petr\u00f3polis como parte de uma iniciativa do Quitandinha de divulgar a pintura nacional em seus sal\u00f5es e corredores.<\/p>\n\n\n\n<p><strong>Das celebridades \u00e0 pol\u00edtica mundial, Quitandinha faz hist\u00f3ria<br><\/strong>Por fim, o sexto n\u00facleo ocupa a varanda com exposi\u00e7\u00e3o de imagens, documentos, \u00e1udios e objetos dos primeiros anos de funcionamento do Hotel Quitandinha. A pesquisa e o desenvolvimento, de Ana Cunha, Fl\u00e1vio Menna Barreto e Jeff Celophane, conta a hist\u00f3ria e mostra as diferentes facetas do empreendimento \u2013 tudo ambientado com sons e m\u00fasicas de \u00e9poca. Inaugurado um ano antes do fim da Segunda Guerra Mundial, foi palco da Confer\u00eancia Interamericana para a Manuten\u00e7\u00e3o da Paz e da Seguran\u00e7a no Continente, em 1947, e tamb\u00e9m recebeu celebridades brasileiras e hollywoodianas.<\/p>\n\n\n\n<p><strong>Programa\u00e7\u00e3o multicultural<br><\/strong>Ao longo do per\u00edodo da exposi\u00e7\u00e3o, haver\u00e1 shows, apresenta\u00e7\u00f5es teatrais, bailes, exibi\u00e7\u00e3o audiovisual, semin\u00e1rios e uma s\u00e9rie de outras atividades que aprofundam as reflex\u00f5es sobre a exposi\u00e7\u00e3o. A programa\u00e7\u00e3o ser\u00e1 divulgada em breve em www.sescrio.org.br e em @dakutandaaoquitandinha.<\/p>\n\n\n\n<p><strong>SERVI\u00c7O<br><\/strong>Exposi\u00e7\u00e3o \u201cDa Katunda ao Quitandinha \u2013 80 anos\u201d<br>Curadoria geral: Marcelo Campos<br>Curadores: Marcelo Campos, Bruno Pinheiro, Filipe Graciano e Renata Aquino<br>Centro Cultural Sesc Quitandinha<br>Avenida Joaquim Rolla, n\u00ba 2 \u2013 Petr\u00f3polis\/RJ<br>De 1\u00ba de dezembro a 25 de fevereiro<br>Ter\u00e7as a domingos e feriados, das 10h \u00e0s 17h<br>Entrada franca<\/p>\n","protected":false},"excerpt":{"rendered":"<p>\u201cDa Kutanda ao Quitandinha\u201d \u00e9 composta por exposi\u00e7\u00e3o e programa\u00e7\u00e3o art\u00edstica alusivas \u00e0 hist\u00f3ria da<\/p>\n","protected":false},"author":1,"featured_media":37328,"comment_status":"closed","ping_status":"open","sticky":false,"template":"","format":"standard","meta":{"spay_email":"","footnotes":"","jetpack_publicize_message":""},"categories":[1],"tags":[],"jetpack_featured_media_url":"https:\/\/i2.wp.com\/jornaldeitaipava.com.br\/wp-content\/uploads\/2023\/11\/WhatsApp-Image-2023-11-27-at-18.10.23.jpeg?fit=1280%2C853&ssl=1","jetpack_publicize_connections":[],"jetpack_sharing_enabled":true,"jetpack_likes_enabled":true,"jetpack-related-posts":[],"_links":{"self":[{"href":"https:\/\/jornaldeitaipava.com.br\/index.php\/wp-json\/wp\/v2\/posts\/37378"}],"collection":[{"href":"https:\/\/jornaldeitaipava.com.br\/index.php\/wp-json\/wp\/v2\/posts"}],"about":[{"href":"https:\/\/jornaldeitaipava.com.br\/index.php\/wp-json\/wp\/v2\/types\/post"}],"author":[{"embeddable":true,"href":"https:\/\/jornaldeitaipava.com.br\/index.php\/wp-json\/wp\/v2\/users\/1"}],"replies":[{"embeddable":true,"href":"https:\/\/jornaldeitaipava.com.br\/index.php\/wp-json\/wp\/v2\/comments?post=37378"}],"version-history":[{"count":1,"href":"https:\/\/jornaldeitaipava.com.br\/index.php\/wp-json\/wp\/v2\/posts\/37378\/revisions"}],"predecessor-version":[{"id":37380,"href":"https:\/\/jornaldeitaipava.com.br\/index.php\/wp-json\/wp\/v2\/posts\/37378\/revisions\/37380"}],"wp:featuredmedia":[{"embeddable":true,"href":"https:\/\/jornaldeitaipava.com.br\/index.php\/wp-json\/wp\/v2\/media\/37328"}],"wp:attachment":[{"href":"https:\/\/jornaldeitaipava.com.br\/index.php\/wp-json\/wp\/v2\/media?parent=37378"}],"wp:term":[{"taxonomy":"category","embeddable":true,"href":"https:\/\/jornaldeitaipava.com.br\/index.php\/wp-json\/wp\/v2\/categories?post=37378"},{"taxonomy":"post_tag","embeddable":true,"href":"https:\/\/jornaldeitaipava.com.br\/index.php\/wp-json\/wp\/v2\/tags?post=37378"}],"curies":[{"name":"wp","href":"https:\/\/api.w.org\/{rel}","templated":true}]}}