{"id":37381,"date":"2023-11-29T19:42:43","date_gmt":"2023-11-29T22:42:43","guid":{"rendered":"http:\/\/jornaldeitaipava.com.br\/?p=37381"},"modified":"2023-11-29T19:42:45","modified_gmt":"2023-11-29T22:42:45","slug":"missa-de-despedida-de-dom-gregorio-paixao-sera-sabado-dia-2-na-catedral-de-petropolis","status":"publish","type":"post","link":"https:\/\/jornaldeitaipava.com.br\/index.php\/2023\/11\/29\/missa-de-despedida-de-dom-gregorio-paixao-sera-sabado-dia-2-na-catedral-de-petropolis\/","title":{"rendered":"Missa de despedida de Dom Greg\u00f3rio Paix\u00e3o ser\u00e1 s\u00e1bado, dia 2, na Catedral de Petr\u00f3polis"},"content":{"rendered":"\n<p>O bispo de Petr\u00f3polis, Dom Greg\u00f3rio Paix\u00e3o, OSB, no dia 2 de dezembro, \u00e0s 9h, preside a missa na Catedral S\u00e3o Pedro de Alc\u00e2ntara, numa celebra\u00e7\u00e3o de despedida da Diocese de Petr\u00f3polis, onde exerceu seu minist\u00e9rio episcopal por 11 anos. No dia 15 de dezembro, Dom Greg\u00f3rio toma posse como o s\u00e9timo Arcebispo da Arquidiocese de Fortaleza, \u00e0s 19h, com missa na Catedral Metropolitana de Fortaleza.<br>Desde o an\u00fancio de sua transfer\u00eancia, Dom Greg\u00f3rio Paix\u00e3o tem cumprido todos os compromissos agendados no in\u00edcio desse semestre em diversas par\u00f3quias. Em todos os lugares, o bispo tem afirmado que carregar\u00e1 \u201cnas pupilas de seus olhos a imagem de cada pessoa que encontrou na Diocese\u201d.<br>Em diversos momentos, no encontro com os fi\u00e9is, t\u00eam afirmado que jamais esquecer\u00e1 cada uma das pessoas e como resposta, tem recebido o carinho de todos os fi\u00e9is. \u201cDurante os 11 anos que estive na Diocese de Petr\u00f3polis, percorrendo os oito munic\u00edpios que fazem parte de seu territ\u00f3rio, fui e sou muito feliz\u201d, afirma Dom Greg\u00f3rio Paix\u00e3o.<br>Desde que chegou \u00e0 Diocese de Petr\u00f3polis, em dezembro de 2012, um dos sonhos foi a restaura\u00e7\u00e3o da Catedral S\u00e3o Pedro de Alc\u00e2ntara, obra que realizou em 2021, ap\u00f3s mais de cinco anos para aprovar o projeto no Instituto do Patrim\u00f4nio, Hist\u00f3rico e Art\u00edstico Nacional (Iphan), com recursos do Banco Nacional de Desenvolvimento Econ\u00f4mico e Social (BNDES).<br>Outro desejo foi a constru\u00e7\u00e3o de uma Cripta para sepultar com dignidade os padres diocesanos, hoje sepultados nos cemit\u00e9rios municipais existentes no territ\u00f3rio da Diocese ou em suas cidades de origem. Ele deixa a Diocese com o projeto em andamento, sendo constru\u00eddo junto com a Capela Bom Pastor no Semin\u00e1rio Diocesano.<br>Mas, sem d\u00favida nenhuma, uma de suas grandes obras na Diocese foi no campo pastoral, visitando e celebrando em todas as par\u00f3quias e comunidades, fossem elas grandes ou pequenas, cada celebra\u00e7\u00e3o era marcada pela alegria do encontro com cada pessoa. \u201cO que mais gosto de fazer \u00e9 encontrar as pessoas\u201d, afirmou v\u00e1rias vezes, e por isso, quando era convidado para aben\u00e7oar o bolo do padroeiro, fazia quest\u00e3o de cortar e entregar cada fatia nas m\u00e3os de cada pessoa, recebendo em troca um sorriso e um olhar de agradecimento.<br>A disponibilidade do encontro com o pr\u00f3ximo, no entanto, durante a pandemia o fez contrair a Covid-19. Ao receber um telefonema de uma senhora, dizendo que seu esposo estava infartando. Dom Greg\u00f3rio Paix\u00e3o n\u00e3o teve d\u00favidas, partiu para o Morro da Oficina, no Alto da Serra, para atender a fam\u00edlia, colocando no seu carro e levando para o hospital. Depois do atendimento, o m\u00e9dico disse que o senhor n\u00e3o estava infartando, mas toda fam\u00edlia estava com Covid-19. O resultado dias depois, Dom Greg\u00f3rio testou positivo, sendo obrigado a ficar internado por recomenda\u00e7\u00e3o m\u00e9dica para tratamento.<br>Este foi um dos muitos epis\u00f3dios do pastoreio de Dom Greg\u00f3rio Paix\u00e3o na Diocese. Al\u00e9m disto, por duas vezes abrigou em sua resid\u00eancia episcopal, fam\u00edlias que ficaram desalojadas devido a barreira em suas casas. Ao longo dos 11 anos de sua perman\u00eancia na Diocese n\u00e3o foram poucas as pessoas que foram e ainda s\u00e3o ajudadas, seja com doa\u00e7\u00e3o material ou atendimento espiritual.<br>Dom Greg\u00f3rio Paix\u00e3o, como bispo diocesano, ouvindo os conselhos da Diocese, foi respons\u00e1vel pela cria\u00e7\u00e3o de seis novas par\u00f3quias: S\u00e3o Sebasti\u00e3o do Carangola (2013), Nossa Senhora do Bom Sucesso (2014), Santo Ant\u00f4nio de Nova Mar\u00edlia (2016), Santa Terezinha do Menino Jesus (2019) e as Quase-Par\u00f3quias S\u00e3o Charbel do Caxambu e S\u00e3o Jos\u00e9 de \u00c1gua Quente. Al\u00e9m disso, foi respons\u00e1vel por representar o Papa Francisco na Coroa\u00e7\u00e3o Pont\u00edficia da Imagem de Nossa Senhora do Amor Divino, padroeira da Diocese, que aconteceu em 2021.<br>Nos 11 anos de seu governo episcopal, Dom Greg\u00f3rio Paix\u00e3o ordenou cerca de 28 padres, com mais dois que ser\u00e3o ordenados ainda este ano, no dia 9 de dezembro. No mesmo per\u00edodo ordenou 61 di\u00e1conos permanentes, homens casados que hoje atuam junto \u00e0s comunidades paroquiais auxiliando os padres na administra\u00e7\u00e3o dos sacramentos e trabalhos pastorais. Este \u00e9 o resultado de um trabalho vocacional, apoiando as iniciativas de promo\u00e7\u00e3o vocacional, dando continuidade ao trabalho de forma\u00e7\u00e3o sacerdotal realizado pelos seus antecessores.<br>No campo da educa\u00e7\u00e3o, Dom Greg\u00f3rio Paix\u00e3o, como educador, compreendeu a import\u00e2ncia das escolas paroquiais, conveniadas com o poder p\u00fablico. Ao lado do Monsenhor Paulo Daher, que foi seu Vig\u00e1rio Geral at\u00e9 sua morte em 2019, atuou para consolidar um trabalho iniciado na Diocese h\u00e1 mais de 30 anos. Apoiou e trabalhou duramente pela recupera\u00e7\u00e3o da Universidade Cat\u00f3lica de Petr\u00f3polis (UCP), que ao longo de uma d\u00e9cada sofreu diversos momentos de crise, sendo um dos piores o per\u00edodo da pandemia.<br>Com grande dor, ap\u00f3s ouvir especialistas e seguindo a orienta\u00e7\u00e3o sanit\u00e1ria, durante a pandemia estabeleceu restri\u00e7\u00f5es e, depois, fechou as igrejas. Nesse per\u00edodo, com objetivo de estar pr\u00f3ximo do povo de Deus, passou diariamente a fazer uma live onde lia e comentava textos da Sagrada Escritura. As lives foram a forma encontrada por ele para se fazer presente em cada local dos oito munic\u00edpios que formam a Diocese de Petr\u00f3polis. Por diversas vezes manifestou sua alegria pelas in\u00fameras iniciativas dos sacerdotes diocesanos para, ao longo da pandemia, se fazerem presentes na vida das pessoas, n\u00e3o deixando de lhes dar o Cristo Eucar\u00edstico.<br>Mas, se, sua alegria era sempre vis\u00edvel nos olhos e nas hist\u00f3rias contadas a cada final de homilia. Dom Greg\u00f3rio Paix\u00e3o viveu, ao longo de seu governo episcopal momentos de profunda tristeza com a morte de familiares e pela perda de irm\u00e3os e companheiros no sacerd\u00f3cio, como Padre Jac, Monsenhor Paulo Daher, Padre Veraldo e Padre Francisco Montemezzo. Nesse sentido, a primeira perda foi um m\u00eas ap\u00f3s sua chegada na Diocese, que foi a morte do Padre Quinha, no dia 18 de janeiro de 2013, mesmo dia em que iriam se encontrar.<br>Entre os momentos vividos, um deles ocorreu esse ano, ao se manifestar de forma firme contra o aborto. No domingo, dia 8 de outubro, ele n\u00e3o apenas presidiu a missa na C\u00e2mara Municipal, como participou da Caminhada pela Vida pelo Centro Hist\u00f3rico de Petr\u00f3polis. \u201cNa hist\u00f3ria da humanidade a ci\u00eancia nos diz que, no momento da fecunda\u00e7\u00e3o existe plenamente um ser humano. Mas, meus irm\u00e3os e minhas irm\u00e3s, os interesses s\u00e3o muitos. O texto da escritura, em diferentes passagens, nos mostra tentativas de matar as crian\u00e7as. Afinal de contas, Herodes mandou matar as crian\u00e7as que nasciam at\u00e9 os dois anos de idade. Pilatos matou o senhor da vida e tudo sempre para atingir a obra de Deus, para atingir o pr\u00f3prio Deus. No livro do Apocalipse encontramos a narrativa sobre a mulher revestida de sol trazendo uma crian\u00e7a no seu seio e o drag\u00e3o queria devorar a crian\u00e7a. Meus irm\u00e3os e minhas irm\u00e3s, perdoe-me dizer, mas, o drag\u00e3o continua o mesmo. N\u00e3o existe roubo maior que se possa fazer do que invadir a casa da crian\u00e7a, que \u00e9 o \u00fatero, para arranc\u00e1-la, para mat\u00e1-la, para arrancar a vida que \u00e9 nascente. Foi isso que o drag\u00e3o quis fazer e \u00e9 isso que hoje o drag\u00e3o deseja fazer\u201d, afirmou Dom Greg\u00f3rio Paix\u00e3o.<\/p>\n","protected":false},"excerpt":{"rendered":"<p>O bispo de Petr\u00f3polis, Dom Greg\u00f3rio Paix\u00e3o, OSB, no dia 2 de dezembro, \u00e0s 9h,<\/p>\n","protected":false},"author":1,"featured_media":5191,"comment_status":"closed","ping_status":"open","sticky":false,"template":"","format":"standard","meta":{"spay_email":"","footnotes":"","jetpack_publicize_message":""},"categories":[2],"tags":[],"jetpack_featured_media_url":"https:\/\/i2.wp.com\/jornaldeitaipava.com.br\/wp-content\/uploads\/2020\/11\/DOM-GREGORIO-COVID.jpg?fit=394%2C215&ssl=1","jetpack_publicize_connections":[],"jetpack_sharing_enabled":true,"jetpack_likes_enabled":true,"jetpack-related-posts":[],"_links":{"self":[{"href":"https:\/\/jornaldeitaipava.com.br\/index.php\/wp-json\/wp\/v2\/posts\/37381"}],"collection":[{"href":"https:\/\/jornaldeitaipava.com.br\/index.php\/wp-json\/wp\/v2\/posts"}],"about":[{"href":"https:\/\/jornaldeitaipava.com.br\/index.php\/wp-json\/wp\/v2\/types\/post"}],"author":[{"embeddable":true,"href":"https:\/\/jornaldeitaipava.com.br\/index.php\/wp-json\/wp\/v2\/users\/1"}],"replies":[{"embeddable":true,"href":"https:\/\/jornaldeitaipava.com.br\/index.php\/wp-json\/wp\/v2\/comments?post=37381"}],"version-history":[{"count":1,"href":"https:\/\/jornaldeitaipava.com.br\/index.php\/wp-json\/wp\/v2\/posts\/37381\/revisions"}],"predecessor-version":[{"id":37382,"href":"https:\/\/jornaldeitaipava.com.br\/index.php\/wp-json\/wp\/v2\/posts\/37381\/revisions\/37382"}],"wp:featuredmedia":[{"embeddable":true,"href":"https:\/\/jornaldeitaipava.com.br\/index.php\/wp-json\/wp\/v2\/media\/5191"}],"wp:attachment":[{"href":"https:\/\/jornaldeitaipava.com.br\/index.php\/wp-json\/wp\/v2\/media?parent=37381"}],"wp:term":[{"taxonomy":"category","embeddable":true,"href":"https:\/\/jornaldeitaipava.com.br\/index.php\/wp-json\/wp\/v2\/categories?post=37381"},{"taxonomy":"post_tag","embeddable":true,"href":"https:\/\/jornaldeitaipava.com.br\/index.php\/wp-json\/wp\/v2\/tags?post=37381"}],"curies":[{"name":"wp","href":"https:\/\/api.w.org\/{rel}","templated":true}]}}