{"id":37383,"date":"2023-11-29T19:46:46","date_gmt":"2023-11-29T22:46:46","guid":{"rendered":"http:\/\/jornaldeitaipava.com.br\/?p=37383"},"modified":"2023-11-29T19:46:50","modified_gmt":"2023-11-29T22:46:50","slug":"natal-imperial-comeca-nesta-quinta-feira-com-acendimento-das-luzes-e-show-de-zizi-possi-veja-a-programacao-completa","status":"publish","type":"post","link":"https:\/\/jornaldeitaipava.com.br\/index.php\/2023\/11\/29\/natal-imperial-comeca-nesta-quinta-feira-com-acendimento-das-luzes-e-show-de-zizi-possi-veja-a-programacao-completa\/","title":{"rendered":"Natal Imperial come\u00e7a nesta quinta-feira com acendimento das luzes e show de Zizi Possi. Veja a programa\u00e7\u00e3o completa"},"content":{"rendered":"\n<p><strong>Papai Noel chega no domingo (3) no Pal\u00e1cio de Cristal<\/strong><\/p>\n\n\n\n<p><br>O show da cantora Zizi Possi abre a programa\u00e7\u00e3o do Natal Imperial nesta quinta-feira (30), na Pra\u00e7a da Liberdade, a partir das 18h. A abertura tamb\u00e9m vai contar com o acendimento das luzes e a fanfarra \u201cNoel e dos Duendes\u201d, saindo da Pra\u00e7a Dom Pedro em dire\u00e7\u00e3o \u00e0 Pra\u00e7a da Liberdade. O Natal Imperial \u00e9 realizado pela Prefeitura de Petr\u00f3polis e entidades parceiras e vai acontecer na Pra\u00e7a da Liberdade e no Pal\u00e1cio de Cristal.<br>&#8220;A cidade est\u00e1 pronta para a abertura do Natal Imperial, uma das nossas maiores festas e que atrai um grande n\u00famero de visitantes&#8221;, disse o prefeito Rubens Bomtempo. \u201cTeremos um show lindo com a Zizi Possi na abertura e est\u00e3o todos e todas convidados a participarem com a gente\u201d, convidou o prefeito.<br>A programa\u00e7\u00e3o conta ainda com a chegada do Papai Noel, no domingo (3), \u00e0s 14h30, na sede da Prefeitura (na Avenida Koeler, no Centro da Cidade), de onde a caravana seguir\u00e1 at\u00e9 o Pal\u00e1cio de Cristal para a inaugura\u00e7\u00e3o da Casa do Papai Noel. O Natal Imperial tamb\u00e9m conta com a Exposi\u00e7\u00e3o de Pres\u00e9pios da Educa\u00e7\u00e3o Infantil da Rede Municipal de Ensino, a Caravana da Coca Cola, aul\u00e3o de esporte, corrida, bailes, oficinas e corais.<br>\u201cA programa\u00e7\u00e3o tamb\u00e9m vai prestigiar nossos artistas petropolitanos, em uma grande festa com a cidade decorada e iluminada para receber os visitantes e moradores\u201d, comentou a secret\u00e1ria de Cultura, Diana Iliescu. A programa\u00e7\u00e3o est\u00e1 na rede social da Prefeitura.<br>Al\u00e9m das atra\u00e7\u00f5es culturais, a Prefeitura instalou barracas no Pal\u00e1cio de Cristal e na Pra\u00e7a da Liberdade. A ilumina\u00e7\u00e3o e decora\u00e7\u00e3o natalina este ano tamb\u00e9m est\u00e1 maior contemplando todo o Centro da Cidade. \u201cEstamos preparando a cidade para um belo evento, que vai encantar a todos\u201d, ressaltou a secret\u00e1ria de Turismo, Silvia Guedon.<\/p>\n\n\n\n<p><strong>Confira a programa\u00e7\u00e3o do Natal Imperial 2023 deste fim de semana:<br><\/strong>30\/11 \u2013 Quinta-feira<br>Pra\u00e7a da Liberdade<br>18h<br>Fanfarra: Noel e dos Duendes<br>*Saindo da Pra\u00e7a Dom Pedro em dire\u00e7\u00e3o \u00e0 Pra\u00e7a da Liberdade<\/p>\n\n\n\n<p>18h45<br>Dupla do Rio<\/p>\n\n\n\n<p>19h<br>Abertura do Natal Imperial 2023<\/p>\n\n\n\n<p>19h30<br>Acendimento das Luzes<\/p>\n\n\n\n<p>20h<br>Show: Zizi Possi<\/p>\n\n\n\n<p>01\/12 \u2013 Sexta-feira<br>Pra\u00e7a da Liberdade<br>19h30<br>Show: Bebel e Eles<\/p>\n\n\n\n<p>Pal\u00e1cio de Cristal<br>19h30<br>Fanfarra: Noel e os Duendes<\/p>\n\n\n\n<p>20h<br>Coral Pr\u00f3-Tempore<\/p>\n\n\n\n<p>Rua 16 de Mar\u00e7o<br>19h<br>Inaugura\u00e7\u00e3o da decora\u00e7\u00e3o da Rua 16 de Mar\u00e7o<\/p>\n\n\n\n<p>02\/12 \u2013 S\u00e1bado<br>Pra\u00e7a da Liberdade<br>11h<br>Atra\u00e7\u00e3o Infantil: Oficinas de enfeites de Natal sustent\u00e1veis<\/p>\n\n\n\n<p>14h<br>Projeto do Morro: artes marciais e culturas<\/p>\n\n\n\n<p>20h30<br>11\u00ba Dia Nacional do Samba em Petr\u00f3polis | Homenagem ao Maestro Jib\u00f3ia<\/p>\n\n\n\n<p>21h<br>Night Run<\/p>\n\n\n\n<p>Pal\u00e1cio de Cristal<br>10h<br>Oficina de guirlandas com materiais naturais<\/p>\n\n\n\n<p>15h<br>Atra\u00e7\u00e3o Infantil: Hist\u00f3rias Encantadas<\/p>\n\n\n\n<p>18h<br>Fanfarra: Natal Instrumental<\/p>\n\n\n\n<p>20h<br>Show: Coral dos Sinos<\/p>\n\n\n\n<p>Lago do Sesc Quitandinha<br>16h<br>Liga de Natal<\/p>\n\n\n\n<p>03\/12 \u2013 Domingo<br>Pra\u00e7a da Liberdade<br>15h \u2013<br>Atra\u00e7\u00e3o Infantil: Malabaguita<\/p>\n\n\n\n<p>19h39<br>Baile Instrumental<\/p>\n\n\n\n<p>20h30<br>Caravana da Coca-Cola<\/p>\n\n\n\n<p>Pal\u00e1cio de Cristal<br>14h30<br>Chegada do Papai Noel \u2013 carreata da Sede da Prefeitura (na Avenida Koeler, no Centro da Cidade) at\u00e9 o Pal\u00e1cio de Cristal<\/p>\n\n\n\n<p>15h<br>Inaugura\u00e7\u00e3o da Casa do Papai Noel<\/p>\n\n\n\n<p>Pra\u00e7a da Liberdade<br>16h<br>Atra\u00e7\u00e3o Infantil: Criando Asas<\/p>\n\n\n\n<p>19h<br>Espet\u00e1culo de Dan\u00e7a: Su\u00edte Quebra Nozes (Studio DNA)<\/p>\n\n\n\n<p>19h30<br>Fanfarra: Noel e os Duendes<\/p>\n\n\n\n<p>Capela da Escola Dom\u00e9stica de Nossa Senhora do Amparo<br>10h30<br>Coral dos Anjos<\/p>\n","protected":false},"excerpt":{"rendered":"<p>Papai Noel chega no domingo (3) no Pal\u00e1cio de Cristal O show da cantora Zizi<\/p>\n","protected":false},"author":1,"featured_media":27997,"comment_status":"closed","ping_status":"open","sticky":false,"template":"","format":"standard","meta":{"spay_email":"","footnotes":"","jetpack_publicize_message":""},"categories":[42,24],"tags":[],"jetpack_featured_media_url":"https:\/\/i0.wp.com\/jornaldeitaipava.com.br\/wp-content\/uploads\/2022\/05\/PRACA-DA-LIBERDADE.jpg?fit=600%2C338&ssl=1","jetpack_publicize_connections":[],"jetpack_sharing_enabled":true,"jetpack_likes_enabled":true,"jetpack-related-posts":[],"_links":{"self":[{"href":"https:\/\/jornaldeitaipava.com.br\/index.php\/wp-json\/wp\/v2\/posts\/37383"}],"collection":[{"href":"https:\/\/jornaldeitaipava.com.br\/index.php\/wp-json\/wp\/v2\/posts"}],"about":[{"href":"https:\/\/jornaldeitaipava.com.br\/index.php\/wp-json\/wp\/v2\/types\/post"}],"author":[{"embeddable":true,"href":"https:\/\/jornaldeitaipava.com.br\/index.php\/wp-json\/wp\/v2\/users\/1"}],"replies":[{"embeddable":true,"href":"https:\/\/jornaldeitaipava.com.br\/index.php\/wp-json\/wp\/v2\/comments?post=37383"}],"version-history":[{"count":1,"href":"https:\/\/jornaldeitaipava.com.br\/index.php\/wp-json\/wp\/v2\/posts\/37383\/revisions"}],"predecessor-version":[{"id":37384,"href":"https:\/\/jornaldeitaipava.com.br\/index.php\/wp-json\/wp\/v2\/posts\/37383\/revisions\/37384"}],"wp:featuredmedia":[{"embeddable":true,"href":"https:\/\/jornaldeitaipava.com.br\/index.php\/wp-json\/wp\/v2\/media\/27997"}],"wp:attachment":[{"href":"https:\/\/jornaldeitaipava.com.br\/index.php\/wp-json\/wp\/v2\/media?parent=37383"}],"wp:term":[{"taxonomy":"category","embeddable":true,"href":"https:\/\/jornaldeitaipava.com.br\/index.php\/wp-json\/wp\/v2\/categories?post=37383"},{"taxonomy":"post_tag","embeddable":true,"href":"https:\/\/jornaldeitaipava.com.br\/index.php\/wp-json\/wp\/v2\/tags?post=37383"}],"curies":[{"name":"wp","href":"https:\/\/api.w.org\/{rel}","templated":true}]}}