{"id":37408,"date":"2023-11-30T17:02:46","date_gmt":"2023-11-30T20:02:46","guid":{"rendered":"http:\/\/jornaldeitaipava.com.br\/?p=37408"},"modified":"2023-11-30T17:02:48","modified_gmt":"2023-11-30T20:02:48","slug":"aluguel-social-de-r-550-recadastramento-comeca-na-sexta-feira","status":"publish","type":"post","link":"https:\/\/jornaldeitaipava.com.br\/index.php\/2023\/11\/30\/aluguel-social-de-r-550-recadastramento-comeca-na-sexta-feira\/","title":{"rendered":"Aluguel Social de R$ 550: recadastramento come\u00e7a na sexta-feira"},"content":{"rendered":"\n<p>Os benefici\u00e1rios do Aux\u00edlio Aluguel de R$ 550 (pagos pelo munic\u00edpio) devem ficar atentos. O recadastramento anual ser\u00e1 realizado pela Prefeitura a partir de sexta-feira (1\u00ba) e vai at\u00e9 o dia 15 de dezembro.<br>Esta etapa do recadastramento \u00e9 para os cerca de 250 benef\u00edcios do munic\u00edpio que n\u00e3o se enquadram no decreto estadual de 2022 (que regulamentou o benef\u00edcio especificamente para as v\u00edtimas das chuvas de 15 de fevereiro e 20 de mar\u00e7o). Ou seja, s\u00e3o benef\u00edcios referentes a chuvas de outros anos.<br>Os atendimentos ser\u00e3o realizados no Setor do Aluguel Social da Secretaria de Assist\u00eancia Social: Rua Dom Pedro, 199, Centro. Cada benefici\u00e1rio tem dia e hora marcados.<br>A lista com os nomes dos benefici\u00e1rios est\u00e1 no site da Prefeitura (https:\/\/www.petropolis.rj.gov.br\/pmp\/index.php\/aluguel-social-recadastramento). L\u00e1, junto ao nome do benefici\u00e1rio, est\u00e3o o dia e a hora do agendamento. Tamb\u00e9m est\u00e1 na lista a documenta\u00e7\u00e3o (veja abaixo) que a pessoa deve levar.<br>\u201c\u00c9 sempre importante a pessoa ir na hora marcada, para evitar qualquer problema. Nos recadastramentos anuais, n\u00f3s temos tomado esse cuidado, de colocar hora marcada para cada fam\u00edlia, para ningu\u00e9m enfrentar fila, longas esperas\u201d, disse o prefeito Rubens Bomtempo.<br>Os benefici\u00e1rios do Aluguel Social referente \u00e0s chuvas de 15 de fevereiro e 20 de mar\u00e7o de 2022 n\u00e3o precisam ir.<br>\u201cO recadastramento, n\u00f3s fazemos todo ano. \u00c9 uma forma de garantir a lisura do processo. Garantir que o benef\u00edcio seja pago a quem tem direito a ele. Neste ano, j\u00e1 fizemos o recadastramento dos benefici\u00e1rios do Aluguel Social referente \u00e0s chuvas de 2022, tanto os pagos s\u00f3 pelo munic\u00edpio quanto os pagos pela Prefeitura e pelo Estado. Agora, vamos fazer o referente \u00e0s chuvas dos outros anos\u201d, disse o secret\u00e1rio de Assist\u00eancia Social, Fernando Ara\u00fajo.<\/p>\n\n\n\n<p>Documentos necess\u00e1rios<\/p>\n\n\n\n<p>\u2022 RG (somente do benefici\u00e1rio)<br>\u2022 CPF (somente do benefici\u00e1rio)<br>\u2022 Comprovante de resid\u00eancia atual<br>\u2022 Contrato de loca\u00e7\u00e3o com firma reconhecida<\/p>\n","protected":false},"excerpt":{"rendered":"<p>Os benefici\u00e1rios do Aux\u00edlio Aluguel de R$ 550 (pagos pelo munic\u00edpio) devem ficar atentos. O<\/p>\n","protected":false},"author":1,"featured_media":26715,"comment_status":"closed","ping_status":"open","sticky":false,"template":"","format":"standard","meta":{"spay_email":"","footnotes":"","jetpack_publicize_message":""},"categories":[24],"tags":[],"jetpack_featured_media_url":"https:\/\/i2.wp.com\/jornaldeitaipava.com.br\/wp-content\/uploads\/2022\/04\/aluguel-social.jpg?fit=300%2C168&ssl=1","jetpack_publicize_connections":[],"jetpack_sharing_enabled":true,"jetpack_likes_enabled":true,"jetpack-related-posts":[],"_links":{"self":[{"href":"https:\/\/jornaldeitaipava.com.br\/index.php\/wp-json\/wp\/v2\/posts\/37408"}],"collection":[{"href":"https:\/\/jornaldeitaipava.com.br\/index.php\/wp-json\/wp\/v2\/posts"}],"about":[{"href":"https:\/\/jornaldeitaipava.com.br\/index.php\/wp-json\/wp\/v2\/types\/post"}],"author":[{"embeddable":true,"href":"https:\/\/jornaldeitaipava.com.br\/index.php\/wp-json\/wp\/v2\/users\/1"}],"replies":[{"embeddable":true,"href":"https:\/\/jornaldeitaipava.com.br\/index.php\/wp-json\/wp\/v2\/comments?post=37408"}],"version-history":[{"count":1,"href":"https:\/\/jornaldeitaipava.com.br\/index.php\/wp-json\/wp\/v2\/posts\/37408\/revisions"}],"predecessor-version":[{"id":37409,"href":"https:\/\/jornaldeitaipava.com.br\/index.php\/wp-json\/wp\/v2\/posts\/37408\/revisions\/37409"}],"wp:featuredmedia":[{"embeddable":true,"href":"https:\/\/jornaldeitaipava.com.br\/index.php\/wp-json\/wp\/v2\/media\/26715"}],"wp:attachment":[{"href":"https:\/\/jornaldeitaipava.com.br\/index.php\/wp-json\/wp\/v2\/media?parent=37408"}],"wp:term":[{"taxonomy":"category","embeddable":true,"href":"https:\/\/jornaldeitaipava.com.br\/index.php\/wp-json\/wp\/v2\/categories?post=37408"},{"taxonomy":"post_tag","embeddable":true,"href":"https:\/\/jornaldeitaipava.com.br\/index.php\/wp-json\/wp\/v2\/tags?post=37408"}],"curies":[{"name":"wp","href":"https:\/\/api.w.org\/{rel}","templated":true}]}}